{"id":172363,"date":"2026-09-01T13:15:26","date_gmt":"2026-09-01T18:15:26","guid":{"rendered":"https:\/\/exalumnasensenanza.co\/?p=172363"},"modified":"2026-09-01T14:25:16","modified_gmt":"2026-09-01T19:25:16","slug":"algo-para-compartir-boletin-del-mes-de-agosto-2026","status":"publish","type":"post","link":"https:\/\/exalumnasensenanza.co\/es_es\/algo-para-compartir-boletin-del-mes-de-agosto-2026\/","title":{"rendered":"Algo para compartir \u2615 &#8211; Bolet\u00edn del mes de agosto, 2026"},"content":{"rendered":"<div class=\"wpb-content-wrapper\"><div data-parent=\"true\" class=\"vc_row has-bg need-focus style-color-xsdn-bg row-container mobile-hidden has-dividers\" id=\"row-unique-0\"><div class=\"row-background background-element\">\n\t\t\t\t\t\t\t\t\t\t\t<div class=\"background-wrapper\">\n\t\t\t\t\t\t\t\t\t\t\t\t<div class=\"background-inner\" style=\"background-image: url(https:\/\/mlzbo0w8r27k.i.optimole.com\/w:auto\/h:auto\/q:mauto\/f:best\/https:\/\/exalumnasensenanza.co\/wp-content\/uploads\/2026\/09\/Header-News-Asociacion-Agosto-2026.jpg);background-repeat: no-repeat;background-position: center center;background-attachment: scroll;background-size: cover;\"><\/div>\n\t\t\t\t\t\t\t\t\t\t\t\t<div class=\"block-bg-overlay style-color-210407-bg\" style=\"opacity: 0.25;\"><\/div>\n\t\t\t\t\t\t\t\t\t\t\t<\/div>\n\t\t\t\t\t\t\t\t\t\t<\/div><div class=\"uncode-divider-wrap uncode-divider-wrap-bottom z_index_0\" style=\"height: 100%; opacity: 0.3\" data-height=\"100\" data-unit=\"%\"><svg version=\"1.1\" class=\"uncode-row-divider uncode-row-divider-gradient\" x=\"0px\" y=\"0px\" width=\"240px\" height=\"24px\" viewbox=\"0 0 240 24\" enable-background=\"new 0 0 240 24\" xml:space=\"preserve\" preserveaspectratio=\"none\">\n\t\t<lineargradient id=\"svg-gradient-116043\" gradientunits=\"userSpaceOnUse\" x1=\"119.9995\" y1=\"0\" x2=\"119.9995\" y2=\"24.0005\">\n\t\t\t<stop  offset=\"0\" style=\"stop-color:#000000;stop-opacity:0\"\/>\n\t\t\t<stop  offset=\"1\" style=\"stop-color:#000000\"\/>\n\t\t<\/lineargradient>\n\t\t<path fill=\"url(#svg-gradient-116043)\" d=\"M240,24V0H0v24H240z\"\/>\n\t\t<\/svg><\/div><div class=\"row exa-top-padding quad-bottom-padding single-h-padding limit-width row-parent\" data-height-ratio=\"70\"><div class=\"wpb_row row-inner\"><div class=\"wpb_column pos-middle pos-center align_center column_parent col-lg-12 double-internal-gutter\"><div class=\"uncol style-spec style-dark font-136269\"  ><div class=\"uncoltable\"><div class=\"uncell no-block-padding\" ><div class=\"uncont\" ><div class=\"empty-space empty-triple\" ><span class=\"empty-space-inner\"><\/span><\/div>\n<div class=\"empty-space empty-quad\" ><span class=\"empty-space-inner\"><\/span><\/div>\n<div class=\"empty-space empty-quad\" ><span class=\"empty-space-inner\"><\/span><\/div>\n<div class=\"vc_custom_heading_wrap\"><div class=\"heading-text el-text\" ><h1 class=\"font-154727 fontsize-210105 fontheight-179065 font-weight-500\" ><span>Algo para compartir \u2615 &#8211; Bolet\u00edn del mes de agosto, 2026<\/span><\/h1><\/div><div class=\"clear\"><\/div><\/div><div class=\"empty-space empty-quart\" ><span class=\"empty-space-inner\"><\/span><\/div>\n<\/div><\/div><\/div><\/div><\/div><script id=\"script-row-unique-0\" data-row=\"script-row-unique-0\" type=\"text\/javascript\" class=\"vc_controls\">UNCODE.initRow(document.getElementById(\"row-unique-0\"));<\/script><\/div><\/div><\/div><div data-parent=\"true\" class=\"vc_row has-bg need-focus style-color-xsdn-bg limit-width boxed-row row-container desktop-hidden tablet-hidden has-dividers\" id=\"row-unique-1\"><div class=\"uncode-divider-wrap uncode-divider-wrap-bottom z_index_0\" style=\"height: 100%; opacity: 0.3\" data-height=\"100\" data-unit=\"%\"><svg version=\"1.1\" class=\"uncode-row-divider uncode-row-divider-gradient\" x=\"0px\" y=\"0px\" width=\"240px\" height=\"24px\" viewbox=\"0 0 240 24\" enable-background=\"new 0 0 240 24\" xml:space=\"preserve\" preserveaspectratio=\"none\">\n\t\t<lineargradient id=\"svg-gradient-123805\" gradientunits=\"userSpaceOnUse\" x1=\"119.9995\" y1=\"0\" x2=\"119.9995\" y2=\"24.0005\">\n\t\t\t<stop  offset=\"0\" style=\"stop-color:#000000;stop-opacity:0\"\/>\n\t\t\t<stop  offset=\"1\" style=\"stop-color:#000000\"\/>\n\t\t<\/lineargradient>\n\t\t<path fill=\"url(#svg-gradient-123805)\" d=\"M240,24V0H0v24H240z\"\/>\n\t\t<\/svg><\/div><div class=\"row row-parent\" data-height-ratio=\"80\"><div class=\"row-background background-element\">\n\t\t\t\t\t\t\t\t\t\t\t<div class=\"background-wrapper\">\n\t\t\t\t\t\t\t\t\t\t\t\t<div class=\"background-inner\" style=\"background-image: url(https:\/\/mlzbo0w8r27k.i.optimole.com\/w:auto\/h:auto\/q:mauto\/f:best\/https:\/\/exalumnasensenanza.co\/wp-content\/uploads\/2026\/09\/Header-News-Asociacion-Agosto-2026.jpg);background-repeat: no-repeat;background-position: center center;background-attachment: scroll;background-size: cover;\"><\/div>\n\t\t\t\t\t\t\t\t\t\t\t\t<div class=\"block-bg-overlay style-color-210407-bg\" style=\"opacity: 0.25;\"><\/div>\n\t\t\t\t\t\t\t\t\t\t\t<\/div>\n\t\t\t\t\t\t\t\t\t\t<\/div><div class=\"wpb_row row-inner\"><div class=\"wpb_column pos-middle pos-center align_center column_parent col-lg-12 double-internal-gutter\"><div class=\"uncol style-spec style-dark font-136269\" style=\"max-width:80%; margin-left:auto; margin-right:auto;\"  ><div class=\"uncoltable\"><div class=\"uncell no-block-padding\" ><div class=\"uncont\" ><div class=\"empty-space empty-triple\" ><span class=\"empty-space-inner\"><\/span><\/div>\n<div class=\"empty-space empty-quad\" ><span class=\"empty-space-inner\"><\/span><\/div>\n<div class=\"empty-space empty-quad\" ><span class=\"empty-space-inner\"><\/span><\/div>\n<div class=\"vc_custom_heading_wrap\"><div class=\"heading-text el-text\" ><h1 class=\"font-154727 fontsize-210105 fontheight-179065 font-weight-500\" ><span>Algo para compartir \u2615 &#8211; Bolet\u00edn del mes de agosto, 2026<\/span><\/h1><\/div><div class=\"clear\"><\/div><\/div><div class=\"empty-space empty-quart\" ><span class=\"empty-space-inner\"><\/span><\/div>\n<\/div><\/div><\/div><\/div><\/div><script id=\"script-row-unique-1\" data-row=\"script-row-unique-1\" type=\"text\/javascript\" class=\"vc_controls\">UNCODE.initRow(document.getElementById(\"row-unique-1\"));<\/script><\/div><\/div><\/div><div data-parent=\"true\" class=\"vc_row has-bg need-focus style-color-xsdn-bg row-container\" id=\"row-unique-2\"><div class=\"row one-top-padding one-bottom-padding single-h-padding limit-width row-parent\"><div class=\"wpb_row row-inner\"><div class=\"wpb_column pos-top pos-center align_center column_parent col-lg-12 no-internal-gutter\"><div class=\"uncol style-light\"  ><div class=\"uncoltable\"><div class=\"uncell single-block-padding style-accent-bg has-bg\" ><div class=\"uncont\" ><div class=\"vc_custom_heading_wrap\"><div class=\"heading-text el-text\" ><h2 class=\"font-154727 fontsize-155944 fontheight-179065 fontspace-111509 font-weight-500 text-color-210407-color badge-style unradius-xl style-accent-bg\" ><span><em><span style=\"font-family: Trebuchet MS, Helvetica, sans-serif;\"><b>\u00a1LLEGAMOS A URAB\u00c1!<\/b><\/span><\/em><\/span><\/h2><\/div><div class=\"clear\"><\/div><\/div><\/div><\/div><\/div><\/div><\/div><script id=\"script-row-unique-2\" data-row=\"script-row-unique-2\" type=\"text\/javascript\" class=\"vc_controls\">UNCODE.initRow(document.getElementById(\"row-unique-2\"));<\/script><\/div><\/div><\/div><div data-parent=\"true\" class=\"vc_row has-bg need-focus style-color-xsdn-bg row-container\" id=\"row-unique-3\"><div class=\"row one-top-padding one-bottom-padding single-h-padding limit-width row-parent\"><div class=\"wpb_row row-inner\"><div class=\"wpb_column pos-top pos-center align_left column_parent col-lg-12 single-internal-gutter\"><div class=\"uncol style-light\"  ><div class=\"uncoltable\"><div class=\"uncell no-block-padding\" ><div class=\"uncont\" ><div class=\"vc_custom_heading_wrap\"><div class=\"heading-text el-text\" ><h2 class=\"font-154727 custom font-weight-400 fontsize-157412-custom font-size-custom\" ><span>Al caminar, solemos creer que el paso m\u00e1s importante es el que estamos dando en ese instante.<\/p><\/span><span><p>&nbsp;<\/p><\/span><span><p>Sin embargo, con el paso de los a\u00f1os descubrimos algo distinto: son las huellas que vamos dejando las que, silenciosamente, terminan dibujando el verdadero camino.<\/span><\/h2><\/div><div class=\"clear\"><\/div><\/div><\/div><\/div><\/div><\/div><\/div><script id=\"script-row-unique-3\" data-row=\"script-row-unique-3\" type=\"text\/javascript\" class=\"vc_controls\">UNCODE.initRow(document.getElementById(\"row-unique-3\"));<\/script><\/div><\/div><\/div><div data-parent=\"true\" class=\"vc_row has-bg need-focus style-color-xsdn-bg row-container mobile-hidden\" id=\"row-unique-4\"><div class=\"row single-top-padding one-bottom-padding no-h-padding limit-width row-parent\"><div class=\"wpb_row row-inner\"><div class=\"wpb_column pos-top pos-center align_left column_parent col-lg-6 no-internal-gutter\"><div class=\"uncol style-light\"  ><div class=\"uncoltable\"><div class=\"uncell single-block-padding style-accent-bg has-bg\" ><div class=\"uncont\" ><div class=\"uncode-single-media  text-left animate_when_almost_visible alpha-anim\"><div class=\"single-wrapper\" style=\"max-width: 100%;\"><div class=\"tmb tmb-light  img-round img-round-xl tmb-media-first tmb-media-last tmb-content-overlay tmb-no-bg\"><div class=\"t-inside\"><div class=\"t-entry-visual\"><div class=\"t-entry-visual-tc\"><div class=\"uncode-single-media-wrapper img-round img-round-xl\"><img data-opt-id=2042278989  fetchpriority=\"high\" decoding=\"async\" class=\"wp-image-172366\" src=\"https:\/\/mlzbo0w8r27k.i.optimole.com\/w:auto\/h:auto\/q:mauto\/f:best\/https:\/\/exalumnasensenanza.co\/wp-content\/uploads\/2026\/09\/Pic-1B-Lanzamiento-Curso-Uraba-Ago-2026.jpg\" width=\"794\" height=\"884\" alt=\"\" srcset=\"https:\/\/mlzbo0w8r27k.i.optimole.com\/w:794\/h:884\/q:mauto\/f:best\/https:\/\/exalumnasensenanza.co\/wp-content\/uploads\/2026\/09\/Pic-1B-Lanzamiento-Curso-Uraba-Ago-2026.jpg 794w, https:\/\/mlzbo0w8r27k.i.optimole.com\/w:269\/h:300\/q:mauto\/f:best\/https:\/\/exalumnasensenanza.co\/wp-content\/uploads\/2026\/09\/Pic-1B-Lanzamiento-Curso-Uraba-Ago-2026.jpg 269w, https:\/\/mlzbo0w8r27k.i.optimole.com\/w:768\/h:855\/q:mauto\/f:best\/https:\/\/exalumnasensenanza.co\/wp-content\/uploads\/2026\/09\/Pic-1B-Lanzamiento-Curso-Uraba-Ago-2026.jpg 768w, https:\/\/mlzbo0w8r27k.i.optimole.com\/w:11\/h:12\/q:mauto\/f:best\/dpr:2\/https:\/\/exalumnasensenanza.co\/wp-content\/uploads\/2026\/09\/Pic-1B-Lanzamiento-Curso-Uraba-Ago-2026.jpg 11w, https:\/\/mlzbo0w8r27k.i.optimole.com\/w:350\/h:390\/q:mauto\/f:best\/https:\/\/exalumnasensenanza.co\/wp-content\/uploads\/2026\/09\/Pic-1B-Lanzamiento-Curso-Uraba-Ago-2026.jpg 350w, https:\/\/mlzbo0w8r27k.i.optimole.com\/w:600\/h:668\/q:mauto\/f:best\/https:\/\/exalumnasensenanza.co\/wp-content\/uploads\/2026\/09\/Pic-1B-Lanzamiento-Curso-Uraba-Ago-2026.jpg 600w\" sizes=\"(max-width: 794px) 100vw, 794px\" \/><\/div>\n\t\t\t\t\t<\/div>\n\t\t\t\t<\/div><\/div><\/div><\/div><\/div><\/div><\/div><\/div><\/div><\/div><div class=\"wpb_column pos-middle pos-center align_left column_parent col-lg-6 single-internal-gutter\"><div class=\"uncol style-light\"  ><div class=\"uncoltable\"><div class=\"uncell no-block-padding\" ><div class=\"uncont\" ><div class=\"vc_custom_heading_wrap\"><div class=\"heading-text el-text\" ><h2 class=\"font-154727 custom font-weight-400 fontsize-100303-custom font-size-custom\" ><span>As\u00ed ha sido tambi\u00e9n la historia de nuestra Asociaci\u00f3n. Durante d\u00e9cadas hemos caminado convencidas de que educar, cuidar, servir y <strong>Tender la Mano<\/strong> no son simplemente acciones aisladas, sino peque\u00f1as huellas capaces de transformar vidas. Algunas quedaron sembradas en un aula; otras, en un hogar, en una familia, en un voluntariado, en una Juanita, en una exalumna, en una comunidad.<\/p><\/span><span><p>&nbsp;<\/p><\/span><span><p>Y, casi sin darnos cuenta, esas huellas comenzaron a expandirse por nuevos horizontes.<\/p><\/span><span><p>&nbsp;<\/p><\/span><span><p>Este mes vivimos uno de esos momentos que nos llenan profundamente de orgullo: el programa Juanitas inicia oficialmente su camino hacia Urab\u00e1, llevando por primera vez nuestro modelo de formaci\u00f3n en <strong>cuidado compasivo<\/strong> al municipio de Apartad\u00f3.<\/span><\/h2><\/div><div class=\"clear\"><\/div><\/div><\/div><\/div><\/div><\/div><\/div><script id=\"script-row-unique-4\" data-row=\"script-row-unique-4\" type=\"text\/javascript\" class=\"vc_controls\">UNCODE.initRow(document.getElementById(\"row-unique-4\"));<\/script><\/div><\/div><\/div><div data-parent=\"true\" class=\"vc_row has-bg need-focus style-color-xsdn-bg row-container mobile-hidden\" id=\"row-unique-5\"><div class=\"row single-top-padding one-bottom-padding no-h-padding limit-width row-parent\"><div class=\"wpb_row row-inner\"><div class=\"wpb_column pos-top pos-center align_left column_parent col-lg-6 no-internal-gutter\"><div class=\"uncol style-light\"  ><div class=\"uncoltable\"><div class=\"uncell single-block-padding style-accent-bg has-bg\" ><div class=\"uncont\" ><div class=\"vc_custom_heading_wrap\"><div class=\"heading-text el-text\" ><h2 class=\"font-154727 custom font-weight-400 fontsize-413218-custom font-size-custom\" ><span>Gracias al respaldo de la Fundaci\u00f3n Grupo Bancolombia y al trabajo conjunto con diferentes actores de la regi\u00f3n, 25 hombres y mujeres iniciar\u00e1n en septiembre un proceso de formaci\u00f3n que busca dignificar el cuidado y abrir nuevas oportunidades de desarrollo humano y empleo para la subregi\u00f3n.<\/p><\/span><span><p>&nbsp;<\/p><\/span><span><p>M\u00e1s que una expansi\u00f3n geogr\u00e1fica, sentimos que este paso representa algo mucho m\u00e1s profundo: la confirmaci\u00f3n de que aquello que creamos hace m\u00e1s de 40 a\u00f1os, hoy es m\u00e1s vigente que nunca y encuentra nuevos caminos para seguir creciendo.<\/p><\/span><span><p>&nbsp;<\/p><\/span><span><p>Que nunca dejemos de caminar de la mano. Que nunca paremos de dejar huellas imborrables en nuestro andar.<\/p><\/span><span><p>&nbsp;<\/p><\/span><span><p>Con el cari\u00f1o de siempre,<\/p><\/span><span><p>&nbsp;<\/p><\/span><span><p><strong>MARCELA ISAZA PEL\u00c1EZ<\/strong><br \/><\/span><span><strong>Directora Ejecutiva<\/strong><\/span><\/h2><\/div><div class=\"clear\"><\/div><\/div><\/div><\/div><\/div><\/div><\/div><div class=\"wpb_column pos-middle pos-center align_left column_parent col-lg-6 single-internal-gutter\"><div class=\"uncol style-light\"  ><div class=\"uncoltable\"><div class=\"uncell no-block-padding\" ><div class=\"uncont\" ><div class=\"uncode-single-media  text-left animate_when_almost_visible alpha-anim\"><div class=\"single-wrapper\" style=\"max-width: 100%;\"><div class=\"tmb tmb-light  img-round img-round-xl tmb-media-first tmb-media-last tmb-content-overlay tmb-no-bg\"><div class=\"t-inside\"><div class=\"t-entry-visual\"><div class=\"t-entry-visual-tc\"><div class=\"uncode-single-media-wrapper img-round img-round-xl\"><img data-opt-id=1416725012  fetchpriority=\"high\" decoding=\"async\" class=\"wp-image-172367\" src=\"https:\/\/mlzbo0w8r27k.i.optimole.com\/w:auto\/h:auto\/q:mauto\/f:best\/https:\/\/exalumnasensenanza.co\/wp-content\/uploads\/2026\/09\/Pic-2-Lanzamiento-Curso-Uraba-Ago-2026.jpg\" width=\"922\" height=\"1152\" alt=\"\" srcset=\"https:\/\/mlzbo0w8r27k.i.optimole.com\/w:922\/h:1152\/q:mauto\/f:best\/https:\/\/exalumnasensenanza.co\/wp-content\/uploads\/2026\/09\/Pic-2-Lanzamiento-Curso-Uraba-Ago-2026.jpg 922w, https:\/\/mlzbo0w8r27k.i.optimole.com\/w:240\/h:300\/q:mauto\/f:best\/https:\/\/exalumnasensenanza.co\/wp-content\/uploads\/2026\/09\/Pic-2-Lanzamiento-Curso-Uraba-Ago-2026.jpg 240w, https:\/\/mlzbo0w8r27k.i.optimole.com\/w:820\/h:1024\/q:mauto\/f:best\/https:\/\/exalumnasensenanza.co\/wp-content\/uploads\/2026\/09\/Pic-2-Lanzamiento-Curso-Uraba-Ago-2026.jpg 820w, https:\/\/mlzbo0w8r27k.i.optimole.com\/w:768\/h:960\/q:mauto\/f:best\/https:\/\/exalumnasensenanza.co\/wp-content\/uploads\/2026\/09\/Pic-2-Lanzamiento-Curso-Uraba-Ago-2026.jpg 768w, https:\/\/mlzbo0w8r27k.i.optimole.com\/w:10\/h:12\/q:mauto\/f:best\/dpr:2\/https:\/\/exalumnasensenanza.co\/wp-content\/uploads\/2026\/09\/Pic-2-Lanzamiento-Curso-Uraba-Ago-2026.jpg 10w, https:\/\/mlzbo0w8r27k.i.optimole.com\/w:350\/h:437\/q:mauto\/f:best\/https:\/\/exalumnasensenanza.co\/wp-content\/uploads\/2026\/09\/Pic-2-Lanzamiento-Curso-Uraba-Ago-2026.jpg 350w, https:\/\/mlzbo0w8r27k.i.optimole.com\/w:600\/h:750\/q:mauto\/f:best\/https:\/\/exalumnasensenanza.co\/wp-content\/uploads\/2026\/09\/Pic-2-Lanzamiento-Curso-Uraba-Ago-2026.jpg 600w\" sizes=\"(max-width: 840px) 100vw, 840px\" \/><\/div>\n\t\t\t\t\t<\/div>\n\t\t\t\t<\/div><\/div><\/div><\/div><\/div><\/div><\/div><\/div><\/div><\/div><script id=\"script-row-unique-5\" data-row=\"script-row-unique-5\" type=\"text\/javascript\" class=\"vc_controls\">UNCODE.initRow(document.getElementById(\"row-unique-5\"));<\/script><\/div><\/div><\/div><div data-parent=\"true\" class=\"vc_row has-bg need-focus style-color-xsdn-bg row-container desktop-hidden tablet-hidden\" id=\"row-unique-6\"><div class=\"row one-top-padding one-bottom-padding penta-h-padding limit-width row-parent\"><div class=\"wpb_row row-inner\"><div class=\"wpb_column pos-top pos-center align_left column_parent col-lg-6 half-internal-gutter\"><div class=\"uncol style-light\"  ><div class=\"uncoltable\"><div class=\"uncell single-block-padding style-accent-bg has-bg\" ><div class=\"uncont\" ><div class=\"uncode-single-media  text-left animate_when_almost_visible alpha-anim\"><div class=\"single-wrapper\" style=\"max-width: 100%;\"><div class=\"tmb tmb-light  img-round img-round-xl tmb-media-first tmb-media-last tmb-content-overlay tmb-no-bg\"><div class=\"t-inside\"><div class=\"t-entry-visual\"><div class=\"t-entry-visual-tc\"><div class=\"uncode-single-media-wrapper img-round img-round-xl\"><img data-opt-id=2042278989  fetchpriority=\"high\" decoding=\"async\" class=\"wp-image-172366\" src=\"https:\/\/mlzbo0w8r27k.i.optimole.com\/w:auto\/h:auto\/q:mauto\/f:best\/https:\/\/exalumnasensenanza.co\/wp-content\/uploads\/2026\/09\/Pic-1B-Lanzamiento-Curso-Uraba-Ago-2026.jpg\" width=\"794\" height=\"884\" alt=\"\" srcset=\"https:\/\/mlzbo0w8r27k.i.optimole.com\/w:794\/h:884\/q:mauto\/f:best\/https:\/\/exalumnasensenanza.co\/wp-content\/uploads\/2026\/09\/Pic-1B-Lanzamiento-Curso-Uraba-Ago-2026.jpg 794w, https:\/\/mlzbo0w8r27k.i.optimole.com\/w:269\/h:300\/q:mauto\/f:best\/https:\/\/exalumnasensenanza.co\/wp-content\/uploads\/2026\/09\/Pic-1B-Lanzamiento-Curso-Uraba-Ago-2026.jpg 269w, https:\/\/mlzbo0w8r27k.i.optimole.com\/w:768\/h:855\/q:mauto\/f:best\/https:\/\/exalumnasensenanza.co\/wp-content\/uploads\/2026\/09\/Pic-1B-Lanzamiento-Curso-Uraba-Ago-2026.jpg 768w, https:\/\/mlzbo0w8r27k.i.optimole.com\/w:11\/h:12\/q:mauto\/f:best\/dpr:2\/https:\/\/exalumnasensenanza.co\/wp-content\/uploads\/2026\/09\/Pic-1B-Lanzamiento-Curso-Uraba-Ago-2026.jpg 11w, https:\/\/mlzbo0w8r27k.i.optimole.com\/w:350\/h:390\/q:mauto\/f:best\/https:\/\/exalumnasensenanza.co\/wp-content\/uploads\/2026\/09\/Pic-1B-Lanzamiento-Curso-Uraba-Ago-2026.jpg 350w, https:\/\/mlzbo0w8r27k.i.optimole.com\/w:600\/h:668\/q:mauto\/f:best\/https:\/\/exalumnasensenanza.co\/wp-content\/uploads\/2026\/09\/Pic-1B-Lanzamiento-Curso-Uraba-Ago-2026.jpg 600w\" sizes=\"(max-width: 794px) 100vw, 794px\" \/><\/div>\n\t\t\t\t\t<\/div>\n\t\t\t\t<\/div><\/div><\/div><\/div><\/div><div class=\"uncode-single-media  text-left animate_when_almost_visible alpha-anim\"><div class=\"single-wrapper\" style=\"max-width: 100%;\"><div class=\"tmb tmb-light  img-round img-round-xl tmb-media-first tmb-media-last tmb-content-overlay tmb-no-bg\"><div class=\"t-inside\"><div class=\"t-entry-visual\"><div class=\"t-entry-visual-tc\"><div class=\"uncode-single-media-wrapper img-round img-round-xl\"><img data-opt-id=1416725012  fetchpriority=\"high\" decoding=\"async\" class=\"wp-image-172367\" src=\"https:\/\/mlzbo0w8r27k.i.optimole.com\/w:auto\/h:auto\/q:mauto\/f:best\/https:\/\/exalumnasensenanza.co\/wp-content\/uploads\/2026\/09\/Pic-2-Lanzamiento-Curso-Uraba-Ago-2026.jpg\" width=\"922\" height=\"1152\" alt=\"\" srcset=\"https:\/\/mlzbo0w8r27k.i.optimole.com\/w:922\/h:1152\/q:mauto\/f:best\/https:\/\/exalumnasensenanza.co\/wp-content\/uploads\/2026\/09\/Pic-2-Lanzamiento-Curso-Uraba-Ago-2026.jpg 922w, https:\/\/mlzbo0w8r27k.i.optimole.com\/w:240\/h:300\/q:mauto\/f:best\/https:\/\/exalumnasensenanza.co\/wp-content\/uploads\/2026\/09\/Pic-2-Lanzamiento-Curso-Uraba-Ago-2026.jpg 240w, https:\/\/mlzbo0w8r27k.i.optimole.com\/w:820\/h:1024\/q:mauto\/f:best\/https:\/\/exalumnasensenanza.co\/wp-content\/uploads\/2026\/09\/Pic-2-Lanzamiento-Curso-Uraba-Ago-2026.jpg 820w, https:\/\/mlzbo0w8r27k.i.optimole.com\/w:768\/h:960\/q:mauto\/f:best\/https:\/\/exalumnasensenanza.co\/wp-content\/uploads\/2026\/09\/Pic-2-Lanzamiento-Curso-Uraba-Ago-2026.jpg 768w, https:\/\/mlzbo0w8r27k.i.optimole.com\/w:10\/h:12\/q:mauto\/f:best\/dpr:2\/https:\/\/exalumnasensenanza.co\/wp-content\/uploads\/2026\/09\/Pic-2-Lanzamiento-Curso-Uraba-Ago-2026.jpg 10w, https:\/\/mlzbo0w8r27k.i.optimole.com\/w:350\/h:437\/q:mauto\/f:best\/https:\/\/exalumnasensenanza.co\/wp-content\/uploads\/2026\/09\/Pic-2-Lanzamiento-Curso-Uraba-Ago-2026.jpg 350w, https:\/\/mlzbo0w8r27k.i.optimole.com\/w:600\/h:750\/q:mauto\/f:best\/https:\/\/exalumnasensenanza.co\/wp-content\/uploads\/2026\/09\/Pic-2-Lanzamiento-Curso-Uraba-Ago-2026.jpg 600w\" sizes=\"(max-width: 840px) 100vw, 840px\" \/><\/div>\n\t\t\t\t\t<\/div>\n\t\t\t\t<\/div><\/div><\/div><\/div><\/div><\/div><\/div><\/div><\/div><\/div><div class=\"wpb_column pos-middle pos-center align_left column_parent col-lg-6 single-internal-gutter\"><div class=\"uncol style-light\"  ><div class=\"uncoltable\"><div class=\"uncell no-block-padding\" ><div class=\"uncont\" ><div class=\"vc_custom_heading_wrap\"><div class=\"heading-text el-text\" ><h2 class=\"font-154727 custom font-weight-400 fontsize-871317-custom font-size-custom\" ><span>As\u00ed ha sido tambi\u00e9n la historia de nuestra Asociaci\u00f3n. Durante d\u00e9cadas hemos caminado convencidas de que educar, cuidar, servir y <strong>Tender la Mano<\/strong> no son simplemente acciones aisladas, sino peque\u00f1as huellas capaces de transformar vidas. Algunas quedaron sembradas en un aula; otras, en un hogar, en una familia, en un voluntariado, en una Juanita, en una exalumna, en una comunidad.<\/p><\/span><span><p>&nbsp;<\/p><\/span><span><p>Y, casi sin darnos cuenta, esas huellas comenzaron a expandirse por nuevos horizontes.<\/p><\/span><span><p>&nbsp;<\/p><\/span><span><p>Este mes vivimos uno de esos momentos que nos llenan profundamente de orgullo: el programa Juanitas inicia oficialmente su camino hacia Urab\u00e1, llevando por primera vez nuestro modelo de formaci\u00f3n en cuidado compasivo al municipio de Apartad\u00f3.<\/p><\/span><span><p>&nbsp;<\/p><\/span><span><p>Gracias al respaldo de la Fundaci\u00f3n Grupo Bancolombia y al trabajo conjunto con diferentes actores de la regi\u00f3n, 25 hombres y mujeres iniciar\u00e1n en septiembre un proceso de formaci\u00f3n que busca dignificar el cuidado y abrir nuevas oportunidades de desarrollo humano y empleo para la subregi\u00f3n.<\/p><\/span><span><p>&nbsp;<\/p><\/span><span><p>M\u00e1s que una expansi\u00f3n geogr\u00e1fica, sentimos que este paso representa algo mucho m\u00e1s profundo: la confirmaci\u00f3n de que aquello que creamos hace m\u00e1s de 40 a\u00f1os, hoy es m\u00e1s vigente que nunca y encuentra nuevos caminos para seguir creciendo.<\/p><\/span><span><p>&nbsp;<\/p><\/span><span><p>Que nunca dejemos de caminar de la mano.<br \/><\/span><span>Que nunca paremos de dejar huellas imborrables en nuestro andar.<\/p><\/span><span><p>&nbsp;<\/p><\/span><span><p>Con el cari\u00f1o de siempre,<br \/><\/span><span><strong>MARCELA ISAZA PEL\u00c1EZ<\/strong><br \/><\/span><span><strong>Directora Ejecutiva<\/strong><\/span><\/h2><\/div><div class=\"clear\"><\/div><\/div><\/div><\/div><\/div><\/div><\/div><script id=\"script-row-unique-6\" data-row=\"script-row-unique-6\" type=\"text\/javascript\" class=\"vc_controls\">UNCODE.initRow(document.getElementById(\"row-unique-6\"));<\/script><\/div><\/div><\/div><div data-parent=\"true\" class=\"vc_row has-bg need-focus style-color-xsdn-bg row-container mobile-hidden\" id=\"row-unique-7\"><div class=\"row one-top-padding one-bottom-padding single-h-padding limit-width row-parent\"><div class=\"wpb_row row-inner\"><div class=\"wpb_column pos-top pos-center align_center column_parent col-lg-12 no-internal-gutter\"><div class=\"uncol style-light\"  ><div class=\"uncoltable\"><div class=\"uncell single-block-padding style-accent-bg has-bg\" ><div class=\"uncont\" ><div class=\"vc_custom_heading_wrap\"><div class=\"heading-text el-text\" ><h2 class=\"font-154727 fontsize-155944 fontheight-179065 font-weight-500 text-color-210407-color badge-style unradius-xl style-accent-bg\" ><span>Algo para contarte \ud83d\ude4c :<br \/><\/span><span>Exalumnas que salen al tablero,<br \/><\/span><span>Mar\u00eda Eugenia Restrepo Fl\u00f3rez<\/span><\/h2><\/div><div class=\"clear\"><\/div><\/div><\/div><\/div><\/div><\/div><\/div><script id=\"script-row-unique-7\" data-row=\"script-row-unique-7\" type=\"text\/javascript\" class=\"vc_controls\">UNCODE.initRow(document.getElementById(\"row-unique-7\"));<\/script><\/div><\/div><\/div><div data-parent=\"true\" class=\"vc_row has-bg need-focus style-color-xsdn-bg row-container desktop-hidden tablet-hidden\" id=\"row-unique-8\"><div class=\"row one-top-padding one-bottom-padding one-h-padding limit-width row-parent\"><div class=\"wpb_row row-inner\"><div class=\"wpb_column pos-top pos-center align_center column_parent col-lg-12 no-internal-gutter\"><div class=\"uncol style-light\"  ><div class=\"uncoltable\"><div class=\"uncell single-block-padding style-accent-bg has-bg\" ><div class=\"uncont\" ><div class=\"vc_custom_heading_wrap\"><div class=\"heading-text el-text\" ><h2 class=\"font-154727 fontsize-155944 fontheight-179065 font-weight-500 text-color-210407-color badge-style unradius-xl style-accent-bg\" ><span>Algo para contarte \ud83d\ude4c :<br \/><\/span><span>Exalumnas que salen al tablero,<br \/><\/span><span>Mar\u00eda Eugenia Restrepo Fl\u00f3rez<\/span><\/h2><\/div><div class=\"clear\"><\/div><\/div><\/div><\/div><\/div><\/div><\/div><script id=\"script-row-unique-8\" data-row=\"script-row-unique-8\" type=\"text\/javascript\" class=\"vc_controls\">UNCODE.initRow(document.getElementById(\"row-unique-8\"));<\/script><\/div><\/div><\/div><div data-parent=\"true\" class=\"vc_row has-bg need-focus style-color-xsdn-bg row-container\" id=\"row-unique-9\"><div class=\"row one-top-padding one-bottom-padding one-h-padding limit-width row-parent\"><div class=\"wpb_row row-inner\"><div class=\"wpb_column pos-top pos-center align_left column_parent col-lg-6 no-internal-gutter\"><div class=\"uncol style-light\"  ><div class=\"uncoltable\"><div class=\"uncell single-block-padding style-accent-bg has-bg\" ><div class=\"uncont\" ><div class=\"vc_custom_heading_wrap\"><div class=\"heading-text el-text\" ><h2 class=\"font-154727 custom font-weight-400 fontsize-585142-custom font-size-custom\" ><span>Hay personas cuya historia nos recuerda que algunos v\u00ednculos perduran para toda la vida.<\/p><\/span><span><p>&nbsp;<\/p><\/span><span><p>Este mes presentamos a <strong>Mar\u00eda Eugenia Restrepo Fl\u00f3rez, promoci\u00f3n 1966<\/strong>, una exalumna que, seis d\u00e9cadas despu\u00e9s de graduarse, contin\u00faa encontrando en La Ense\u00f1anza un lugar para servir, construir y dejar huella.<\/p><\/span><span><p>&nbsp;<\/p><\/span><span><p>En esta conversaci\u00f3n nos abre las puertas de algunos de sus m\u00e1s gratos recuerdos: las amigas que a\u00fan conserva desde primaria, las inolvidables clases de historia y literatura que despertaron su curiosidad por el mundo y, sobre todo, ese profundo sentido de compromiso social que el colegio sembr\u00f3 en ella desde muy joven.<\/p><\/span><span><p>&nbsp;<\/p><\/span><span><p>Su historia tambi\u00e9n es la de una mujer que decidi\u00f3 devolver a la Asociaci\u00f3n parte de todo lo que hab\u00eda recibido.<\/span><\/h2><\/div><div class=\"clear\"><\/div><\/div><\/div><\/div><\/div><\/div><\/div><div class=\"wpb_column pos-middle pos-center align_center column_parent col-lg-6 half-internal-gutter\"><div class=\"uncol style-light\"  ><div class=\"uncoltable\"><div class=\"uncell quad-block-padding\" ><div class=\"uncont\" ><div class=\"uncode-single-media  text-left animate_when_almost_visible alpha-anim\"><div class=\"single-wrapper\" style=\"max-width: 100%;\"><div class=\"tmb tmb-light  img-round img-round-xl tmb-media-first tmb-media-last tmb-content-overlay tmb-no-bg\"><div class=\"t-inside\"><div class=\"t-entry-visual\"><div class=\"t-entry-visual-tc\"><div class=\"uncode-single-media-wrapper img-round img-round-xl\"><img data-opt-id=1575346979  data-opt-src=\"https:\/\/mlzbo0w8r27k.i.optimole.com\/w:auto\/h:auto\/q:mauto\/f:best\/https:\/\/exalumnasensenanza.co\/wp-content\/uploads\/2026\/09\/PIC-1-News-Asociacion-Agosto-2026.jpg\"  decoding=\"async\" class=\"wp-image-172368\" src=\"data:image/svg+xml,%3Csvg%20viewBox%3D%220%200%20100%%20100%%22%20width%3D%22100%%22%20height%3D%22100%%22%20xmlns%3D%22http%3A%2F%2Fwww.w3.org%2F2000%2Fsvg%22%3E%3Crect%20width%3D%22100%%22%20height%3D%22100%%22%20fill%3D%22transparent%22%2F%3E%3C%2Fsvg%3E\" width=\"900\" height=\"1204\" alt=\"\" old-srcset=\"https:\/\/mlzbo0w8r27k.i.optimole.com\/w:900\/h:1204\/q:mauto\/f:best\/https:\/\/exalumnasensenanza.co\/wp-content\/uploads\/2026\/09\/PIC-1-News-Asociacion-Agosto-2026.jpg 900w, https:\/\/mlzbo0w8r27k.i.optimole.com\/w:224\/h:300\/q:mauto\/f:best\/https:\/\/exalumnasensenanza.co\/wp-content\/uploads\/2026\/09\/PIC-1-News-Asociacion-Agosto-2026.jpg 224w, https:\/\/mlzbo0w8r27k.i.optimole.com\/w:765\/h:1024\/q:mauto\/f:best\/https:\/\/exalumnasensenanza.co\/wp-content\/uploads\/2026\/09\/PIC-1-News-Asociacion-Agosto-2026.jpg 765w, https:\/\/mlzbo0w8r27k.i.optimole.com\/w:768\/h:1027\/q:mauto\/f:best\/https:\/\/exalumnasensenanza.co\/wp-content\/uploads\/2026\/09\/PIC-1-News-Asociacion-Agosto-2026.jpg 768w, https:\/\/mlzbo0w8r27k.i.optimole.com\/w:300\/h:400\/q:mauto\/f:best\/https:\/\/exalumnasensenanza.co\/wp-content\/uploads\/2026\/09\/PIC-1-News-Asociacion-Agosto-2026.jpg 300w, https:\/\/mlzbo0w8r27k.i.optimole.com\/w:9\/h:12\/q:mauto\/f:best\/dpr:2\/https:\/\/exalumnasensenanza.co\/wp-content\/uploads\/2026\/09\/PIC-1-News-Asociacion-Agosto-2026.jpg 9w, https:\/\/mlzbo0w8r27k.i.optimole.com\/w:350\/h:468\/q:mauto\/f:best\/https:\/\/exalumnasensenanza.co\/wp-content\/uploads\/2026\/09\/PIC-1-News-Asociacion-Agosto-2026.jpg 350w, https:\/\/mlzbo0w8r27k.i.optimole.com\/w:600\/h:803\/q:mauto\/f:best\/https:\/\/exalumnasensenanza.co\/wp-content\/uploads\/2026\/09\/PIC-1-News-Asociacion-Agosto-2026.jpg 600w\" \/><\/div>\n\t\t\t\t\t<\/div>\n\t\t\t\t<\/div><\/div><\/div><\/div><\/div><div class=\"vc_custom_heading_wrap\"><div class=\"heading-text el-text\" ><h2 class=\"font-154727 custom font-weight-400 fontsize-194799-custom font-size-custom\" ><span><a href=\"https:\/\/exalumnasensenanza.co\/wp-content\/uploads\/2026\/08\/Exalumna-Maria-Eugenia-Restrepo-Florez.mp4\" target=\"_blank\" rel=\"noopener\"><span style=\"text-decoration: underline;\"><span style=\"color: #3366ff; text-decoration: underline;\"><strong>Mira aqu\u00ed<\/strong><\/span><\/span><\/a> el\u00a0saludo y video de<br \/><\/span><span><strong>Mar\u00eda Eugenia Restrepo<\/strong><\/span><\/h2><\/div><div class=\"clear\"><\/div><\/div><\/div><\/div><\/div><\/div><\/div><script id=\"script-row-unique-9\" data-row=\"script-row-unique-9\" type=\"text\/javascript\" class=\"vc_controls\">UNCODE.initRow(document.getElementById(\"row-unique-9\"));<\/script><\/div><\/div><\/div><div data-parent=\"true\" class=\"vc_row has-bg need-focus style-color-xsdn-bg row-container\" id=\"row-unique-10\"><div class=\"row one-top-padding one-bottom-padding single-h-padding limit-width row-parent\"><div class=\"wpb_row row-inner\"><div class=\"wpb_column pos-top pos-center align_left column_parent col-lg-12 single-internal-gutter\"><div class=\"uncol style-light\"  ><div class=\"uncoltable\"><div class=\"uncell no-block-padding\" ><div class=\"uncont\" ><div class=\"vc_custom_heading_wrap\"><div class=\"heading-text el-text\" ><h2 class=\"font-154727 custom font-weight-400 fontsize-830468-custom font-size-custom\" ><span>Primero como integrante del Consejo, luego como Presidenta y posteriormente como Directora Ejecutiva, liderando importantes procesos de fortalecimiento institucional, impulsando la planeaci\u00f3n estrat\u00e9gica, el crecimiento del programa Juanitas, la seguridad alimentaria y el reencuentro entre la Asociaci\u00f3n y el Colegio.<\/p><\/span><span><p>&nbsp;<\/p><\/span><span><p>Quiz\u00e1 una de las frases m\u00e1s hermosas que nos regal\u00f3 durante la entrevista resume el esp\u00edritu de La Ense\u00f1anza:<\/p><\/span><span><p>&nbsp;<\/p><\/span><span><p><em>&#8220;Todas las que somos La Ense\u00f1anza salimos con una impronta social muy clara&#8230; el colegio nos ense\u00f1\u00f3 a ayudar a quien lo necesita&#8221;.<\/em><\/p><\/span><span><p>&nbsp;<\/p><\/span><span><p>Hoy Mar\u00eda Eugenia nos recuerda que la Asociaci\u00f3n es una comunidad donde generaciones de exalumnas contin\u00faan uniendo talentos, experiencias y corazones para que este legado siga creciendo durante muchos a\u00f1os m\u00e1s.<\/p><\/span><span><p>&nbsp;<\/p><\/span><span><p>Te invitamos a conocer su historia y a descubrir por qu\u00e9, cuando el servicio nace del coraz\u00f3n, nunca deja de impactar y tocar vidas.<\/p><\/span><span><p>&nbsp;<\/p><\/span><span><p>Haz <a href=\"https:\/\/exalumnasensenanza.co\/wp-content\/uploads\/2026\/08\/Exalumna-Maria-Eugenia-Restrepo-Florez.mp4\" target=\"_blank\" rel=\"noopener\"><strong>clic aqu\u00ed<\/strong><\/a> para ver el video de Maria Eugenia.<\/span><\/h2><\/div><div class=\"clear\"><\/div><\/div><\/div><\/div><\/div><\/div><\/div><script id=\"script-row-unique-10\" data-row=\"script-row-unique-10\" type=\"text\/javascript\" class=\"vc_controls\">UNCODE.initRow(document.getElementById(\"row-unique-10\"));<\/script><\/div><\/div><\/div><div data-parent=\"true\" class=\"vc_row has-bg need-focus style-color-xsdn-bg row-container mobile-hidden\" id=\"row-unique-11\"><div class=\"row one-top-padding one-bottom-padding single-h-padding limit-width row-parent\"><div class=\"wpb_row row-inner\"><div class=\"wpb_column pos-top pos-center align_center column_parent col-lg-12 no-internal-gutter\"><div class=\"uncol style-light\"  ><div class=\"uncoltable\"><div class=\"uncell single-block-padding style-accent-bg has-bg\" ><div class=\"uncont\" ><div class=\"vc_custom_heading_wrap\"><div class=\"heading-text el-text\" ><h2 class=\"font-154727 fontsize-155944 fontheight-179065 font-weight-500 text-color-210407-color badge-style unradius-xl style-accent-bg\" ><span>Algo para conocer y apoyar \ud83e\udd1d<br \/><\/span><span>Conociendo los servicios y empresas de nuestras compa\u00f1eras:<br \/><\/span><span>Clara Ochoa Agudelo, egresada del a\u00f1o 1995<\/span><\/h2><\/div><div class=\"clear\"><\/div><\/div><\/div><\/div><\/div><\/div><\/div><script id=\"script-row-unique-11\" data-row=\"script-row-unique-11\" type=\"text\/javascript\" class=\"vc_controls\">UNCODE.initRow(document.getElementById(\"row-unique-11\"));<\/script><\/div><\/div><\/div><div data-parent=\"true\" class=\"vc_row has-bg need-focus style-color-xsdn-bg row-container desktop-hidden tablet-hidden mobile-hidden\" id=\"row-unique-12\"><div class=\"row one-top-padding one-bottom-padding penta-h-padding limit-width row-parent\"><div class=\"wpb_row row-inner\"><div class=\"wpb_column pos-top pos-center align_left column_parent col-lg-6 no-internal-gutter\"><div class=\"uncol style-light\"  ><div class=\"uncoltable\"><div class=\"uncell single-block-padding style-accent-bg has-bg\" ><div class=\"uncont\" ><div class=\"vc_custom_heading_wrap\"><div class=\"heading-text el-text\" ><h2 class=\"font-154727 custom font-weight-400 fontsize-146068-custom font-size-custom\" ><span><strong>\u00bfTe gustar\u00eda compartir tu historia o la de otra exalumna?<\/strong><\/p><\/span><span><p>&nbsp;<\/p><\/span><span><p>Queremos seguir visibilizando los caminos que inspiran y fortalecen nuestra comunidad. No importa el \u00e1rea, la experiencia o el momento de vida: cada historia cuenta.<\/p><\/span><span><p>&nbsp;<\/p><\/span><span><p>Si quieres postularte o recomendar a una exalumna que merece ser reconocida, escr\u00edbenos llenando el formulario en nuestra <a href=\"https:\/\/exalumnasensenanza.co\/es_es\/contacto\/\" target=\"_blank\" rel=\"noopener\"><strong><span style=\"text-decoration: underline; color: #3366ff;\">P\u00e1gina de Contacto<\/span><\/strong><\/a>.<\/p><\/span><span><p>&nbsp;<\/p><\/span><span><p>Porque cuando compartimos lo que somos\u2026 tambi\u00e9n inspiramos a otras a crecer.<\/p><\/span><span><p>&nbsp;<\/p><\/span><span><p>#SomosLaEnse\u00f1anza<\/span><\/h2><\/div><div class=\"clear\"><\/div><\/div><\/div><\/div><\/div><\/div><\/div><script id=\"script-row-unique-12\" data-row=\"script-row-unique-12\" type=\"text\/javascript\" class=\"vc_controls\">UNCODE.initRow(document.getElementById(\"row-unique-12\"));<\/script><\/div><\/div><\/div><div data-parent=\"true\" class=\"vc_row has-bg need-focus style-color-xsdn-bg row-container desktop-hidden tablet-hidden\" id=\"row-unique-13\"><div class=\"row single-top-padding one-bottom-padding no-h-padding limit-width row-parent\"><div class=\"wpb_row row-inner\"><div class=\"wpb_column pos-top pos-center align_center column_parent col-lg-12 one-internal-gutter\"><div class=\"uncol style-light\"  ><div class=\"uncoltable\"><div class=\"uncell no-block-padding style-accent-bg has-bg\" ><div class=\"uncont\" ><div class=\"vc_custom_heading_wrap\"><div class=\"heading-text el-text\" ><h2 class=\"font-154727 fontsize-155944 fontheight-179065 font-weight-500 text-color-210407-color badge-style unradius-xl style-accent-bg\" ><span>Algo para apoyar:<br \/><\/span><span>Conociendo los<br \/><\/span><span>servicios y emprendimientos<br \/><\/span><span>de nuestras Exalumnas<\/span><\/h2><\/div><div class=\"clear\"><\/div><\/div><\/div><\/div><\/div><\/div><\/div><script id=\"script-row-unique-13\" data-row=\"script-row-unique-13\" type=\"text\/javascript\" class=\"vc_controls\">UNCODE.initRow(document.getElementById(\"row-unique-13\"));<\/script><\/div><\/div><\/div><div data-parent=\"true\" class=\"vc_row has-bg need-focus style-color-xsdn-bg row-container\" id=\"row-unique-14\"><div class=\"row one-top-padding one-bottom-padding no-h-padding limit-width row-parent\"><div class=\"wpb_row row-inner\"><div class=\"wpb_column pos-top pos-center align_left column_parent col-lg-6 no-internal-gutter\"><div class=\"uncol style-light\"  ><div class=\"uncoltable\"><div class=\"uncell single-block-padding style-accent-bg has-bg\" ><div class=\"uncont\" ><div class=\"vc_custom_heading_wrap\"><div class=\"heading-text el-text\" ><h2 class=\"font-154727 custom font-weight-400 fontsize-193089-custom font-size-custom\" ><span>Cada exalumna lleva consigo una historia, un talento y una manera \u00fanica de transformar el mundo.<\/p><\/span><span><p>&nbsp;<\/p><\/span><span><p>Por eso seguimos acerc\u00e1ndote a los emprendimientos, empresas y proyectos de nuestras compa\u00f1eras, convencidas de que conocernos tambi\u00e9n es una forma de apoyarnos, crear nuevas oportunidades y fortalecer esta red que seguimos construyendo entre todas.<\/p><\/span><span><p>&nbsp;<\/p><\/span><span><p>Este mes te presentamos <strong>Clara Ochoa, promoci\u00f3n 1995<\/strong>, comunicadora social y cofundadora de 0406 Ingenier\u00eda, una empresa especializada en soluciones de energ\u00edas renovables, eficiencia energ\u00e9tica y movilidad el\u00e9ctrica, nacida hace dos a\u00f1os y construida sobre un prop\u00f3sito muy claro: poner la tecnolog\u00eda al servicio de las personas y del cuidado del planeta.<\/p><\/span><span><p>&nbsp;<\/p><\/span><span><p>El nombre de la empresa tambi\u00e9n cuenta una historia. 0406 surgi\u00f3 de un momento de oraci\u00f3n en familia y re\u00fane los a\u00f1os de nacimiento de sus dos hijas, Isabella (2004) y Luciana (2006), a quienes Clara y su esposo consideran el mayor regalo que Dios les ha confiado.<\/span><\/h2><\/div><div class=\"clear\"><\/div><\/div><\/div><\/div><\/div><\/div><\/div><div class=\"wpb_column pos-middle pos-center align_center column_parent col-lg-6 single-internal-gutter\"><div class=\"uncol style-light\"  ><div class=\"uncoltable\"><div class=\"uncell quad-block-padding\" ><div class=\"uncont\" ><div class=\"uncode-single-media  text-left animate_when_almost_visible alpha-anim\"><div class=\"single-wrapper\" style=\"max-width: 100%;\"><div class=\"tmb tmb-light  img-round img-round-xl tmb-media-first tmb-media-last tmb-content-overlay tmb-no-bg\"><div class=\"t-inside\"><div class=\"t-entry-visual\"><div class=\"t-entry-visual-tc\"><div class=\"uncode-single-media-wrapper img-round img-round-xl\"><img data-opt-id=408073066  data-opt-src=\"https:\/\/mlzbo0w8r27k.i.optimole.com\/w:auto\/h:auto\/q:mauto\/f:best\/https:\/\/exalumnasensenanza.co\/wp-content\/uploads\/2026\/09\/Pic-News-Clara-Ochoa-Agudelo.jpeg\"  decoding=\"async\" class=\"wp-image-172369\" src=\"data:image/svg+xml,%3Csvg%20viewBox%3D%220%200%20100%%20100%%22%20width%3D%22100%%22%20height%3D%22100%%22%20xmlns%3D%22http%3A%2F%2Fwww.w3.org%2F2000%2Fsvg%22%3E%3Crect%20width%3D%22100%%22%20height%3D%22100%%22%20fill%3D%22transparent%22%2F%3E%3C%2Fsvg%3E\" width=\"654\" height=\"1144\" alt=\"\" old-srcset=\"https:\/\/mlzbo0w8r27k.i.optimole.com\/w:654\/h:1144\/q:mauto\/f:best\/https:\/\/exalumnasensenanza.co\/wp-content\/uploads\/2026\/09\/Pic-News-Clara-Ochoa-Agudelo.jpeg 654w, https:\/\/mlzbo0w8r27k.i.optimole.com\/w:172\/h:300\/q:mauto\/f:best\/https:\/\/exalumnasensenanza.co\/wp-content\/uploads\/2026\/09\/Pic-News-Clara-Ochoa-Agudelo.jpeg 172w, https:\/\/mlzbo0w8r27k.i.optimole.com\/w:585\/h:1024\/q:mauto\/f:best\/https:\/\/exalumnasensenanza.co\/wp-content\/uploads\/2026\/09\/Pic-News-Clara-Ochoa-Agudelo.jpeg 585w, https:\/\/mlzbo0w8r27k.i.optimole.com\/w:7\/h:12\/q:mauto\/f:best\/dpr:2\/https:\/\/exalumnasensenanza.co\/wp-content\/uploads\/2026\/09\/Pic-News-Clara-Ochoa-Agudelo.jpeg 7w, https:\/\/mlzbo0w8r27k.i.optimole.com\/w:350\/h:612\/q:mauto\/f:best\/https:\/\/exalumnasensenanza.co\/wp-content\/uploads\/2026\/09\/Pic-News-Clara-Ochoa-Agudelo.jpeg 350w, https:\/\/mlzbo0w8r27k.i.optimole.com\/w:600\/h:1050\/q:mauto\/f:best\/https:\/\/exalumnasensenanza.co\/wp-content\/uploads\/2026\/09\/Pic-News-Clara-Ochoa-Agudelo.jpeg 600w\" \/><\/div>\n\t\t\t\t\t<\/div>\n\t\t\t\t<\/div><\/div><\/div><\/div><\/div><\/div><\/div><\/div><\/div><\/div><script id=\"script-row-unique-14\" data-row=\"script-row-unique-14\" type=\"text\/javascript\" class=\"vc_controls\">UNCODE.initRow(document.getElementById(\"row-unique-14\"));<\/script><\/div><\/div><\/div><div data-parent=\"true\" class=\"vc_row has-bg need-focus style-color-xsdn-bg row-container desktop-hidden tablet-hidden mobile-hidden\" id=\"row-unique-15\"><div class=\"row one-top-padding one-bottom-padding no-h-padding limit-width row-parent\"><div class=\"wpb_row row-inner\"><div class=\"wpb_column pos-top pos-center align_left column_parent col-lg-6 no-internal-gutter\"><div class=\"uncol style-light\"  ><div class=\"uncoltable\"><div class=\"uncell single-block-padding style-accent-bg has-bg\" ><div class=\"uncont\" ><div class=\"vc_custom_heading_wrap\"><div class=\"heading-text el-text\" ><h2 class=\"font-154727 custom font-weight-400 fontsize-144765-custom font-size-custom\" ><span>Cuando le preguntamos por el futuro, ella responde sin dudarlo: \u201cEl futuro es ya\u201d, Desde el principio, AmbientalMente se pens\u00f3 en grande, con mentalidad vanguardista. Esa forma de ver el mundo sigue hoy d\u00eda siendo parte de su cultura personal y profesional.<\/p><\/span><span><p>&nbsp;<\/p><\/span><span><p>Para Olguita, mucho de ese camino tambi\u00e9n naci\u00f3 en La Ense\u00f1anza: un lugar que recuerda con enorme cari\u00f1o y en el que fortaleci\u00f3 valores que la siguen acompa\u00f1ando como mujer, profesional y empresaria.<\/p><\/span><span><p>&nbsp;<\/p><\/span><span><p><strong>*Consistencia:<\/strong> Ser consistentes en los esfuerzos, intentar, buscar las maneras de que las cosas pasen<br \/><\/span><span><strong>*Creer en s\u00ed misma:<\/strong> Siempre crey\u00f3 en s\u00ed, en sus capacidades y en su proyecto, y a\u00fan hoy lo sigue haciendo<br \/><\/span><span><strong>*Disciplina:<\/strong> Uno de los principales valores que destaca de La Ense\u00f1anza. El hecho de tener en su momento, ex\u00e1menes todos los d\u00edas, generaba la disciplina de estudiar siempre, con juicio y eso hoy en d\u00eda es un capital invaluable. Estar siempre preparada.<br \/><\/span><span><strong>*Compromiso y rigurosidad:<\/strong> saber cumplir compromisos, esforzarse por siempre dar lo mejor de s\u00ed.<br \/><\/span><span><strong>*Solidaridad:<\/strong> Es la principal semilla que sembraron en La Ense\u00f1anza. No solo para ser solidaria con otros, sino para saberse merecedora de la generosidad. Este convencimiento permite crear redes. Olga lo expresa muy bien: \u201cJuntos llegamos m\u00e1s lejos\u201d.<\/p><\/span><span><p>&nbsp;<\/p><\/span><span><p>Un mensaje que ella nos comparte para otras mujeres que quiz\u00e1s est\u00e9n empezando su empresa o emprendimiento es: \u201c<em><strong>Yo todos los d\u00edas me levanto y busco el de qu\u00e9 forma o manera s\u00ed\u2026<\/strong><\/em>\u201d, es decir, enfocarse en el c\u00f3mo s\u00ed se puede lograr algo y esa actitud, ya de por si sola, logra cambiar la perspectiva. Siempre hay alguien alrededor que sabe c\u00f3mo hacerlo o que nos puede ayudar a hacerlo realidad\u201d.<\/p><\/span><span><p>&nbsp;<\/p><\/span><span><p>Hoy celebramos la historia de Olga Luc\u00eda, esposa de Ahmed Restrepo, amorosa madre de Pedro y quien combina todos sus roles con la misma convicci\u00f3n con la que construy\u00f3 su empresa.<\/p><\/span><span><p>&nbsp;<\/p><\/span><span><p>Ella es tambi\u00e9n una muestra y ejemplo del gran talento, entrega y profesionalismo de las mujeres de La Ense\u00f1anza.<\/p><\/span><span><p>&nbsp;<\/p><\/span><span><p>*Para conocer m\u00e1s sobre Ambiental Mente, la empresa de nuestra compa\u00f1era y exalumna, pueden visitar su p\u00e1gina web haciendo <a href=\"http:\/\/www.ambientalmente.com\" target=\"_blank\" rel=\"noopener noreferrer nofollow\"><strong><span style=\"text-decoration: underline;\"><span style=\"color: #3366ff; text-decoration: underline;\">Clic Aqu\u00ed<\/span><\/span><\/strong><\/a>.<\/p><\/span><span><p>&nbsp;<\/p><\/span><span><p>Cuando una exalumna crece y florece\u2026 celebramos todas. #SomosLaEnse\u00f1anza<\/span><\/h2><\/div><div class=\"clear\"><\/div><\/div><\/div><\/div><\/div><\/div><\/div><div class=\"wpb_column pos-middle pos-center align_center column_parent col-lg-6 single-internal-gutter\"><div class=\"uncol style-light\"  ><div class=\"uncoltable\"><div class=\"uncell quad-block-padding\" ><div class=\"uncont\" ><div class=\"uncode-single-media  text-left animate_when_almost_visible alpha-anim\"><div class=\"single-wrapper\" style=\"max-width: 100%;\"><div class=\"tmb tmb-light  img-round img-round-xl tmb-media-first tmb-media-last tmb-content-overlay tmb-no-bg\"><div class=\"t-inside\"><div class=\"t-entry-visual\"><div class=\"t-entry-visual-tc\"><div class=\"uncode-single-media-wrapper img-round img-round-xl\"><img data-opt-id=622297834  data-opt-src=\"https:\/\/mlzbo0w8r27k.i.optimole.com\/w:auto\/h:auto\/q:mauto\/f:best\/https:\/\/exalumnasensenanza.co\/wp-content\/uploads\/2026\/07\/Pic-News-Olga-Lucia-Bedoya-Mesa.jpeg\"  decoding=\"async\" class=\"wp-image-172266\" src=\"data:image/svg+xml,%3Csvg%20viewBox%3D%220%200%20100%%20100%%22%20width%3D%22100%%22%20height%3D%22100%%22%20xmlns%3D%22http%3A%2F%2Fwww.w3.org%2F2000%2Fsvg%22%3E%3Crect%20width%3D%22100%%22%20height%3D%22100%%22%20fill%3D%22transparent%22%2F%3E%3C%2Fsvg%3E\" width=\"1066\" height=\"1600\" alt=\"\" old-srcset=\"https:\/\/mlzbo0w8r27k.i.optimole.com\/w:1066\/h:1600\/q:mauto\/f:best\/https:\/\/exalumnasensenanza.co\/wp-content\/uploads\/2026\/07\/Pic-News-Olga-Lucia-Bedoya-Mesa.jpeg 1066w, https:\/\/mlzbo0w8r27k.i.optimole.com\/w:200\/h:300\/q:mauto\/f:best\/https:\/\/exalumnasensenanza.co\/wp-content\/uploads\/2026\/07\/Pic-News-Olga-Lucia-Bedoya-Mesa.jpeg 200w, https:\/\/mlzbo0w8r27k.i.optimole.com\/w:682\/h:1024\/q:mauto\/f:best\/https:\/\/exalumnasensenanza.co\/wp-content\/uploads\/2026\/07\/Pic-News-Olga-Lucia-Bedoya-Mesa.jpeg 682w, https:\/\/mlzbo0w8r27k.i.optimole.com\/w:768\/h:1153\/q:mauto\/f:best\/https:\/\/exalumnasensenanza.co\/wp-content\/uploads\/2026\/07\/Pic-News-Olga-Lucia-Bedoya-Mesa.jpeg 768w, https:\/\/mlzbo0w8r27k.i.optimole.com\/w:1023\/h:1536\/q:mauto\/f:best\/https:\/\/exalumnasensenanza.co\/wp-content\/uploads\/2026\/07\/Pic-News-Olga-Lucia-Bedoya-Mesa.jpeg 1023w, https:\/\/mlzbo0w8r27k.i.optimole.com\/w:8\/h:12\/q:mauto\/f:best\/dpr:2\/https:\/\/exalumnasensenanza.co\/wp-content\/uploads\/2026\/07\/Pic-News-Olga-Lucia-Bedoya-Mesa.jpeg 8w, https:\/\/mlzbo0w8r27k.i.optimole.com\/w:350\/h:525\/q:mauto\/f:best\/https:\/\/exalumnasensenanza.co\/wp-content\/uploads\/2026\/07\/Pic-News-Olga-Lucia-Bedoya-Mesa.jpeg 350w, https:\/\/mlzbo0w8r27k.i.optimole.com\/w:600\/h:901\/q:mauto\/f:best\/https:\/\/exalumnasensenanza.co\/wp-content\/uploads\/2026\/07\/Pic-News-Olga-Lucia-Bedoya-Mesa.jpeg 600w\" \/><\/div>\n\t\t\t\t\t<\/div>\n\t\t\t\t<\/div><\/div><\/div><\/div><\/div><\/div><\/div><\/div><\/div><\/div><script id=\"script-row-unique-15\" data-row=\"script-row-unique-15\" type=\"text\/javascript\" class=\"vc_controls\">UNCODE.initRow(document.getElementById(\"row-unique-15\"));<\/script><\/div><\/div><\/div><div data-parent=\"true\" class=\"vc_row has-bg need-focus style-color-xsdn-bg row-container\" id=\"row-unique-16\"><div class=\"row one-top-padding one-bottom-padding no-h-padding limit-width row-parent\"><div class=\"wpb_row row-inner\"><div class=\"wpb_column pos-top pos-center align_left column_parent col-lg-6 no-internal-gutter\"><div class=\"uncol style-light\"  ><div class=\"uncoltable\"><div class=\"uncell double-block-padding style-accent-bg has-bg\" ><div class=\"uncont\" ><div class=\"vc_custom_heading_wrap\"><div class=\"heading-text el-text\" ><h2 class=\"font-154727 custom font-weight-400 fontsize-823522-custom font-size-custom\" ><span>Desde entonces, han procurado construir este proyecto con una convicci\u00f3n que gu\u00eda cada decisi\u00f3n: poner siempre a Dios en el centro del camino.<\/p><\/span><span><p>&nbsp;<\/p><\/span><span><p>Al preguntarle qu\u00e9 fue lo m\u00e1s valioso que le dej\u00f3 La Ense\u00f1anza, Clara no dud\u00f3 en responder: el orden, la disciplina, la perseverancia y, sobre todo, el profundo sentido del servicio. Recuerda con especial cari\u00f1o aquellas visitas a Moravia, donde aprendi\u00f3 que siempre existen maneras de Tender la Mano y de comprender las realidades de quienes m\u00e1s lo necesitan.<\/p><\/span><span><p>&nbsp;<\/p><\/span><span><p>Hoy esa misma forma de entender la vida tambi\u00e9n inspira su trabajo. En <a href=\"https:\/\/0406ing.com\/\" target=\"_blank\" rel=\"noopener noreferrer nofollow\"><strong>0406 Ingenier\u00eda<\/strong><\/a> no buscan diferenciarse por ofrecer el precio m\u00e1s bajo, sino por brindar soluciones confiables, acompa\u00f1amiento cercano y relaciones construidas sobre la calidad, la honestidad y la atenci\u00f3n personalizada.<\/p><\/span><span><p>&nbsp;<\/p><\/span><span><p>Porque, al final, cuidar del planeta tambi\u00e9n es una manera de cuidar a las personas y de construir un futuro m\u00e1s sostenible para todos.<\/p><\/span><span><p>&nbsp;<\/p><\/span><span><p>Te invitamos a conocer m\u00e1s sobre Clara, su historia y los servicios que ofrece 0406 Ingenier\u00eda, una empresa que demuestra que la innovaci\u00f3n tambi\u00e9n puede estar guiada por los valores, el servicio y el prop\u00f3sito.<\/p><\/span><span><p>&nbsp;<\/p><\/span><span><p>P\u00e1gina web:<br \/><\/span><span><a href=\"https:\/\/0406ing.com\/\" target=\"_blank\" rel=\"noopener noreferrer nofollow\"><span style=\"text-decoration: underline;\"><span style=\"color: #3366ff;\"><strong>https:\/\/0406ing.com\/<\/strong><\/span><\/span><\/a><\/span><\/h2><\/div><div class=\"clear\"><\/div><\/div><\/div><\/div><\/div><\/div><\/div><script id=\"script-row-unique-16\" data-row=\"script-row-unique-16\" type=\"text\/javascript\" class=\"vc_controls\">UNCODE.initRow(document.getElementById(\"row-unique-16\"));<\/script><\/div><\/div><\/div><div data-parent=\"true\" class=\"vc_row has-bg need-focus style-color-xsdn-bg row-container\" id=\"row-unique-17\"><div class=\"row one-top-padding one-bottom-padding no-h-padding limit-width row-parent\"><div class=\"wpb_row row-inner\"><div class=\"wpb_column pos-top pos-center align_left column_parent col-lg-6 no-internal-gutter\"><div class=\"uncol style-light\"  ><div class=\"uncoltable\"><div class=\"uncell single-block-padding style-accent-bg has-bg\" ><div class=\"uncont\" ><div class=\"vc_custom_heading_wrap\"><div class=\"heading-text el-text\" ><h2 class=\"font-154727 custom font-weight-400 fontsize-820418-custom font-size-custom\" ><span><\/p><\/span><span><p style=\"text-align: center;\">***<\/p><\/span><span><p>Este mes conocimos una nueva historia. <strong>El pr\u00f3ximo mes&#8230; podr\u00eda ser la tuya.<\/strong><\/p><\/span><span><p>&nbsp;<\/p><\/span><span><p>La <a href=\"https:\/\/exalumnasensenanza.co\/es_es\/inscripcion-red-somos-la-ensenanza\/\" target=\"_blank\" rel=\"noopener\"><span style=\"text-decoration: underline;\"><span style=\"color: #3366ff; text-decoration: underline;\"><strong>*Red Somos La Ense\u00f1anza*<\/strong><\/span><\/span><\/a> sigue creciendo gracias a exalumnas que comparten sus proyectos, emprendimientos, conocimientos y experiencias, enriqueciendo una comunidad donde siempre hay espacio para aprender, recomendar, colaborar y Tender la Mano.<\/p><\/span><span><p>&nbsp;<\/p><\/span><span><p>Si a\u00fan no haces parte de ella, este es el momento perfecto para sumarte. <a href=\"https:\/\/exalumnasensenanza.co\/es_es\/inscripcion-red-somos-la-ensenanza\/\" target=\"_blank\" rel=\"noopener\"><span style=\"text-decoration: underline;\"><span style=\"color: #3366ff; text-decoration: underline;\"><strong>Inscr\u00edbete aqu\u00ed en la Red Somos La Ense\u00f1anza<\/strong><\/span><\/span><\/a>.<\/p><\/span><span><p>&nbsp;<\/p><\/span><span><p>Descubre tambi\u00e9n los beneficios, actividades y espacios exclusivos que tenemos vigentes para nuestras integrantes. <a href=\"https:\/\/exalumnasensenanza.co\/es_es\/red-somos-la-ensenanza\/\" target=\"_blank\" rel=\"noopener\"><span style=\"text-decoration: underline;\"><strong><span style=\"color: #999999; text-decoration: underline;\">Con\u00f3celos aqu\u00ed<\/span><\/strong><\/span><\/a>.<\/p><\/span><span><p>&nbsp;<\/p><\/span><span><p>Porque cuando una exalumna comparte su historia&#8230; toda la comunidad crece con ella.<\/span><\/h2><\/div><div class=\"clear\"><\/div><\/div><\/div><\/div><\/div><\/div><\/div><script id=\"script-row-unique-17\" data-row=\"script-row-unique-17\" type=\"text\/javascript\" class=\"vc_controls\">UNCODE.initRow(document.getElementById(\"row-unique-17\"));<\/script><\/div><\/div><\/div><div data-parent=\"true\" class=\"vc_row has-bg need-focus style-color-xsdn-bg row-container\" id=\"row-unique-18\"><div class=\"row one-top-padding one-bottom-padding single-h-padding limit-width row-parent\"><div class=\"wpb_row row-inner\"><div class=\"wpb_column pos-top pos-center align_left column_parent col-lg-6 no-internal-gutter\"><div class=\"uncol style-light\"  ><div class=\"uncoltable\"><div class=\"uncell no-block-padding style-accent-bg has-bg\" ><div class=\"uncont\" ><div class=\"uncode-single-media  text-left animate_when_almost_visible alpha-anim\"><div class=\"single-wrapper\" style=\"max-width: 100%;\"><div class=\"tmb tmb-light  img-round img-round-xl tmb-media-first tmb-media-last tmb-content-overlay tmb-no-bg\"><div class=\"t-inside\"><div class=\"t-entry-visual\"><div class=\"t-entry-visual-tc\"><div class=\"uncode-single-media-wrapper img-round img-round-xl\"><img data-opt-id=1663495256  data-opt-src=\"https:\/\/mlzbo0w8r27k.i.optimole.com\/w:auto\/h:auto\/q:mauto\/f:best\/https:\/\/exalumnasensenanza.co\/wp-content\/uploads\/2026\/09\/Pic-1-Asesorias-Red-Exalumnas-Ago-2026.jpg\"  decoding=\"async\" class=\"wp-image-172372\" src=\"data:image/svg+xml,%3Csvg%20viewBox%3D%220%200%20100%%20100%%22%20width%3D%22100%%22%20height%3D%22100%%22%20xmlns%3D%22http%3A%2F%2Fwww.w3.org%2F2000%2Fsvg%22%3E%3Crect%20width%3D%22100%%22%20height%3D%22100%%22%20fill%3D%22transparent%22%2F%3E%3C%2Fsvg%3E\" width=\"720\" height=\"1280\" alt=\"\" old-srcset=\"https:\/\/mlzbo0w8r27k.i.optimole.com\/w:720\/h:1280\/q:mauto\/f:best\/https:\/\/exalumnasensenanza.co\/wp-content\/uploads\/2026\/09\/Pic-1-Asesorias-Red-Exalumnas-Ago-2026.jpg 720w, https:\/\/mlzbo0w8r27k.i.optimole.com\/w:169\/h:300\/q:mauto\/f:best\/https:\/\/exalumnasensenanza.co\/wp-content\/uploads\/2026\/09\/Pic-1-Asesorias-Red-Exalumnas-Ago-2026.jpg 169w, https:\/\/mlzbo0w8r27k.i.optimole.com\/w:576\/h:1024\/q:mauto\/f:best\/https:\/\/exalumnasensenanza.co\/wp-content\/uploads\/2026\/09\/Pic-1-Asesorias-Red-Exalumnas-Ago-2026.jpg 576w, https:\/\/mlzbo0w8r27k.i.optimole.com\/w:7\/h:12\/q:mauto\/f:best\/dpr:2\/https:\/\/exalumnasensenanza.co\/wp-content\/uploads\/2026\/09\/Pic-1-Asesorias-Red-Exalumnas-Ago-2026.jpg 7w, https:\/\/mlzbo0w8r27k.i.optimole.com\/w:350\/h:622\/q:mauto\/f:best\/https:\/\/exalumnasensenanza.co\/wp-content\/uploads\/2026\/09\/Pic-1-Asesorias-Red-Exalumnas-Ago-2026.jpg 350w, https:\/\/mlzbo0w8r27k.i.optimole.com\/w:600\/h:1067\/q:mauto\/f:best\/https:\/\/exalumnasensenanza.co\/wp-content\/uploads\/2026\/09\/Pic-1-Asesorias-Red-Exalumnas-Ago-2026.jpg 600w\" \/><\/div>\n\t\t\t\t\t<\/div>\n\t\t\t\t<\/div><\/div><\/div><\/div><\/div><\/div><\/div><\/div><\/div><\/div><div class=\"wpb_column pos-top pos-center align_left column_parent col-lg-6 no-internal-gutter\"><div class=\"uncol style-light\"  ><div class=\"uncoltable\"><div class=\"uncell no-block-padding\" ><div class=\"uncont\" ><div class=\"uncode-single-media  text-left animate_when_almost_visible alpha-anim\"><div class=\"single-wrapper\" style=\"max-width: 100%;\"><div class=\"tmb tmb-light  img-round img-round-xl tmb-media-first tmb-media-last tmb-content-overlay tmb-no-bg\"><div class=\"t-inside\"><div class=\"t-entry-visual\"><div class=\"t-entry-visual-tc\"><div class=\"uncode-single-media-wrapper img-round img-round-xl\"><img data-opt-id=1263000537  data-opt-src=\"https:\/\/mlzbo0w8r27k.i.optimole.com\/w:auto\/h:auto\/q:mauto\/f:best\/https:\/\/exalumnasensenanza.co\/wp-content\/uploads\/2026\/09\/Pic-2-Asesorias-Red-Exalumnas-Ago-2026.jpg\"  decoding=\"async\" class=\"wp-image-172373\" src=\"data:image/svg+xml,%3Csvg%20viewBox%3D%220%200%20100%%20100%%22%20width%3D%22100%%22%20height%3D%22100%%22%20xmlns%3D%22http%3A%2F%2Fwww.w3.org%2F2000%2Fsvg%22%3E%3Crect%20width%3D%22100%%22%20height%3D%22100%%22%20fill%3D%22transparent%22%2F%3E%3C%2Fsvg%3E\" width=\"720\" height=\"1280\" alt=\"\" old-srcset=\"https:\/\/mlzbo0w8r27k.i.optimole.com\/w:720\/h:1280\/q:mauto\/f:best\/https:\/\/exalumnasensenanza.co\/wp-content\/uploads\/2026\/09\/Pic-2-Asesorias-Red-Exalumnas-Ago-2026.jpg 720w, https:\/\/mlzbo0w8r27k.i.optimole.com\/w:169\/h:300\/q:mauto\/f:best\/https:\/\/exalumnasensenanza.co\/wp-content\/uploads\/2026\/09\/Pic-2-Asesorias-Red-Exalumnas-Ago-2026.jpg 169w, https:\/\/mlzbo0w8r27k.i.optimole.com\/w:576\/h:1024\/q:mauto\/f:best\/https:\/\/exalumnasensenanza.co\/wp-content\/uploads\/2026\/09\/Pic-2-Asesorias-Red-Exalumnas-Ago-2026.jpg 576w, https:\/\/mlzbo0w8r27k.i.optimole.com\/w:7\/h:12\/q:mauto\/f:best\/dpr:2\/https:\/\/exalumnasensenanza.co\/wp-content\/uploads\/2026\/09\/Pic-2-Asesorias-Red-Exalumnas-Ago-2026.jpg 7w, https:\/\/mlzbo0w8r27k.i.optimole.com\/w:350\/h:622\/q:mauto\/f:best\/https:\/\/exalumnasensenanza.co\/wp-content\/uploads\/2026\/09\/Pic-2-Asesorias-Red-Exalumnas-Ago-2026.jpg 350w, https:\/\/mlzbo0w8r27k.i.optimole.com\/w:600\/h:1067\/q:mauto\/f:best\/https:\/\/exalumnasensenanza.co\/wp-content\/uploads\/2026\/09\/Pic-2-Asesorias-Red-Exalumnas-Ago-2026.jpg 600w\" \/><\/div>\n\t\t\t\t\t<\/div>\n\t\t\t\t<\/div><\/div><\/div><\/div><\/div><\/div><\/div><\/div><\/div><\/div><script id=\"script-row-unique-18\" data-row=\"script-row-unique-18\" type=\"text\/javascript\" class=\"vc_controls\">UNCODE.initRow(document.getElementById(\"row-unique-18\"));<\/script><\/div><\/div><\/div><div data-parent=\"true\" class=\"vc_row has-bg need-focus style-color-xsdn-bg row-container\" id=\"row-unique-19\"><div class=\"row one-top-padding one-bottom-padding single-h-padding limit-width row-parent\"><div class=\"wpb_row row-inner\"><div class=\"wpb_column pos-top pos-center align_center column_parent col-lg-12 no-internal-gutter\"><div class=\"uncol style-light\"  ><div class=\"uncoltable\"><div class=\"uncell single-block-padding style-accent-bg has-bg\" ><div class=\"uncont\" ><div class=\"vc_custom_heading_wrap\"><div class=\"heading-text el-text\" ><h2 class=\"font-154727 fontsize-155944 fontheight-179065 font-weight-500 text-color-210407-color badge-style unradius-xl style-accent-bg\" ><span>Algo para aprender y profundizar \ud83d\udcda:<br \/><\/span><span>art\u00edculo #4 de nuestra serie de \u201cCuidar en la era de la IA\u201d<br \/><\/span><span><strong><span style=\"color: #3366ff;\"><em>Una casa que cuida sin invadir<\/em><\/span><\/strong><\/span><\/h2><\/div><div class=\"clear\"><\/div><\/div><\/div><\/div><\/div><\/div><\/div><script id=\"script-row-unique-19\" data-row=\"script-row-unique-19\" type=\"text\/javascript\" class=\"vc_controls\">UNCODE.initRow(document.getElementById(\"row-unique-19\"));<\/script><\/div><\/div><\/div><div data-parent=\"true\" class=\"vc_row has-bg need-focus style-color-xsdn-bg row-container mobile-hidden\" id=\"row-unique-20\"><div class=\"row one-top-padding one-bottom-padding no-h-padding limit-width row-parent\"><div class=\"wpb_row row-inner\"><div class=\"wpb_column pos-top pos-center align_center column_parent col-lg-6 half-internal-gutter\"><div class=\"uncol style-light\"  ><div class=\"uncoltable\"><div class=\"uncell single-block-padding style-accent-bg has-bg\" ><div class=\"uncont\" ><div class=\"uncode-single-media  text-left animate_when_almost_visible alpha-anim\"><div class=\"single-wrapper\" style=\"max-width: 100%;\"><div class=\"tmb tmb-light  img-round img-round-xl tmb-media-first tmb-media-last tmb-content-overlay tmb-no-bg\"><div class=\"t-inside\"><div class=\"t-entry-visual\"><div class=\"t-entry-visual-tc\"><div class=\"uncode-single-media-wrapper img-round img-round-xl\"><img data-opt-id=1556996477  data-opt-src=\"https:\/\/mlzbo0w8r27k.i.optimole.com\/w:auto\/h:auto\/q:mauto\/f:best\/https:\/\/exalumnasensenanza.co\/wp-content\/uploads\/2026\/09\/Pic_News_Articulo_4_Una_casa_que_cuida.jpg\"  decoding=\"async\" class=\"wp-image-172375\" src=\"data:image/svg+xml,%3Csvg%20viewBox%3D%220%200%20100%%20100%%22%20width%3D%22100%%22%20height%3D%22100%%22%20xmlns%3D%22http%3A%2F%2Fwww.w3.org%2F2000%2Fsvg%22%3E%3Crect%20width%3D%22100%%22%20height%3D%22100%%22%20fill%3D%22transparent%22%2F%3E%3C%2Fsvg%3E\" width=\"1116\" height=\"1588\" alt=\"\" old-srcset=\"https:\/\/mlzbo0w8r27k.i.optimole.com\/w:1116\/h:1588\/q:mauto\/f:best\/https:\/\/exalumnasensenanza.co\/wp-content\/uploads\/2026\/09\/Pic_News_Articulo_4_Una_casa_que_cuida.jpg 1116w, https:\/\/mlzbo0w8r27k.i.optimole.com\/w:211\/h:300\/q:mauto\/f:best\/https:\/\/exalumnasensenanza.co\/wp-content\/uploads\/2026\/09\/Pic_News_Articulo_4_Una_casa_que_cuida.jpg 211w, https:\/\/mlzbo0w8r27k.i.optimole.com\/w:720\/h:1024\/q:mauto\/f:best\/https:\/\/exalumnasensenanza.co\/wp-content\/uploads\/2026\/09\/Pic_News_Articulo_4_Una_casa_que_cuida.jpg 720w, https:\/\/mlzbo0w8r27k.i.optimole.com\/w:768\/h:1093\/q:mauto\/f:best\/https:\/\/exalumnasensenanza.co\/wp-content\/uploads\/2026\/09\/Pic_News_Articulo_4_Una_casa_que_cuida.jpg 768w, https:\/\/mlzbo0w8r27k.i.optimole.com\/w:1079\/h:1536\/q:mauto\/f:best\/https:\/\/exalumnasensenanza.co\/wp-content\/uploads\/2026\/09\/Pic_News_Articulo_4_Una_casa_que_cuida.jpg 1079w, https:\/\/mlzbo0w8r27k.i.optimole.com\/w:8\/h:12\/q:mauto\/f:best\/dpr:2\/https:\/\/exalumnasensenanza.co\/wp-content\/uploads\/2026\/09\/Pic_News_Articulo_4_Una_casa_que_cuida.jpg 8w, https:\/\/mlzbo0w8r27k.i.optimole.com\/w:350\/h:498\/q:mauto\/f:best\/https:\/\/exalumnasensenanza.co\/wp-content\/uploads\/2026\/09\/Pic_News_Articulo_4_Una_casa_que_cuida.jpg 350w, https:\/\/mlzbo0w8r27k.i.optimole.com\/w:600\/h:854\/q:mauto\/f:best\/https:\/\/exalumnasensenanza.co\/wp-content\/uploads\/2026\/09\/Pic_News_Articulo_4_Una_casa_que_cuida.jpg 600w\" \/><\/div>\n\t\t\t\t\t<\/div>\n\t\t\t\t<\/div><\/div><\/div><\/div><\/div><div class=\"vc_custom_heading_wrap\"><div class=\"heading-text el-text\" ><h2 class=\"font-154727 custom font-weight-400 fontsize-805531-custom font-size-custom\" ><span><a href=\"https:\/\/exalumnasensenanza.co\/es_es\/Cuarto-Artculo-IA-una-casa-que-cuida\/\" target=\"_blank\" rel=\"noopener\"><span style=\"text-decoration: underline;\"><span style=\"color: #3366ff; text-decoration: underline;\"><strong>Haz clic aqu\u00ed<\/strong><\/span><\/span><\/a> para leer<br \/><\/span><span>o descargar el art\u00edculo<\/span><\/h2><\/div><div class=\"clear\"><\/div><\/div><\/div><\/div><\/div><\/div><\/div><div class=\"wpb_column pos-middle pos-center align_left column_parent col-lg-6 single-internal-gutter\"><div class=\"uncol style-light\"  ><div class=\"uncoltable\"><div class=\"uncell no-block-padding\" ><div class=\"uncont\" ><div class=\"vc_custom_heading_wrap\"><div class=\"heading-text el-text\" ><h2 class=\"font-154727 custom font-weight-400 fontsize-203277-custom font-size-custom\" ><span>A veces creemos que la tecnolog\u00eda solo vive en los computadores o los tel\u00e9fonos. Sin embargo, tambi\u00e9n puede convertirse en una aliada silenciosa ayud\u00e1ndonos a cuidar con mayor tranquilidad, seguridad y autonom\u00eda, especialmente cuando acompa\u00f1amos a un adulto mayor.<\/p><\/span><span><p>&nbsp;<\/p><\/span><span><p>Continuamos nuestra serie &#8220;<strong>Cuidar en la era de la IA<\/strong>&#8221; con un nuevo art\u00edculo de Jos\u00e9 David G\u00f3mez Bedoya, ingeniero mecatr\u00f3nico, voluntario de nuestra Asociaci\u00f3n, quien nos invita a descubrir c\u00f3mo peque\u00f1os avances tecnol\u00f3gicos, pueden transformar un hogar en un espacio seguro sin invadir la privacidad ni la dignidad de quienes lo habitan.<\/p><\/span><span><p>&nbsp;<\/p><\/span><span><p>Porque cuidar tambi\u00e9n es crear entornos que permitan vivir con mayor tranquilidad, independencia y confianza.<\/p><\/span><span><p>&nbsp;<\/p><\/span><span><p>Te invitamos a leer este cuarto art\u00edculo y a descubrir c\u00f3mo la innovaci\u00f3n tambi\u00e9n puede convertirse en una forma profundamente humana de Tender la Mano.<\/span><\/h2><\/div><div class=\"clear\"><\/div><\/div><\/div><\/div><\/div><\/div><\/div><script id=\"script-row-unique-20\" data-row=\"script-row-unique-20\" type=\"text\/javascript\" class=\"vc_controls\">UNCODE.initRow(document.getElementById(\"row-unique-20\"));<\/script><\/div><\/div><\/div><div data-parent=\"true\" class=\"vc_row has-bg need-focus style-color-xsdn-bg row-container desktop-hidden tablet-hidden\" id=\"row-unique-21\"><div class=\"row single-top-padding one-bottom-padding penta-h-padding limit-width row-parent\"><div class=\"wpb_row row-inner\"><div class=\"wpb_column pos-top pos-center align_center column_parent col-lg-6 half-internal-gutter\"><div class=\"uncol style-light\"  ><div class=\"uncoltable\"><div class=\"uncell single-block-padding style-accent-bg has-bg\" ><div class=\"uncont\" ><div class=\"uncode-single-media  text-left animate_when_almost_visible alpha-anim\"><div class=\"single-wrapper\" style=\"max-width: 100%;\"><div class=\"tmb tmb-light  img-round img-round-xl tmb-media-first tmb-media-last tmb-content-overlay tmb-no-bg\"><div class=\"t-inside\"><div class=\"t-entry-visual\"><div class=\"t-entry-visual-tc\"><div class=\"uncode-single-media-wrapper img-round img-round-xl\"><img data-opt-id=1556996477  data-opt-src=\"https:\/\/mlzbo0w8r27k.i.optimole.com\/w:auto\/h:auto\/q:mauto\/f:best\/https:\/\/exalumnasensenanza.co\/wp-content\/uploads\/2026\/09\/Pic_News_Articulo_4_Una_casa_que_cuida.jpg\"  decoding=\"async\" class=\"wp-image-172375\" src=\"data:image/svg+xml,%3Csvg%20viewBox%3D%220%200%20100%%20100%%22%20width%3D%22100%%22%20height%3D%22100%%22%20xmlns%3D%22http%3A%2F%2Fwww.w3.org%2F2000%2Fsvg%22%3E%3Crect%20width%3D%22100%%22%20height%3D%22100%%22%20fill%3D%22transparent%22%2F%3E%3C%2Fsvg%3E\" width=\"1116\" height=\"1588\" alt=\"\" old-srcset=\"https:\/\/mlzbo0w8r27k.i.optimole.com\/w:1116\/h:1588\/q:mauto\/f:best\/https:\/\/exalumnasensenanza.co\/wp-content\/uploads\/2026\/09\/Pic_News_Articulo_4_Una_casa_que_cuida.jpg 1116w, https:\/\/mlzbo0w8r27k.i.optimole.com\/w:211\/h:300\/q:mauto\/f:best\/https:\/\/exalumnasensenanza.co\/wp-content\/uploads\/2026\/09\/Pic_News_Articulo_4_Una_casa_que_cuida.jpg 211w, https:\/\/mlzbo0w8r27k.i.optimole.com\/w:720\/h:1024\/q:mauto\/f:best\/https:\/\/exalumnasensenanza.co\/wp-content\/uploads\/2026\/09\/Pic_News_Articulo_4_Una_casa_que_cuida.jpg 720w, https:\/\/mlzbo0w8r27k.i.optimole.com\/w:768\/h:1093\/q:mauto\/f:best\/https:\/\/exalumnasensenanza.co\/wp-content\/uploads\/2026\/09\/Pic_News_Articulo_4_Una_casa_que_cuida.jpg 768w, https:\/\/mlzbo0w8r27k.i.optimole.com\/w:1079\/h:1536\/q:mauto\/f:best\/https:\/\/exalumnasensenanza.co\/wp-content\/uploads\/2026\/09\/Pic_News_Articulo_4_Una_casa_que_cuida.jpg 1079w, https:\/\/mlzbo0w8r27k.i.optimole.com\/w:8\/h:12\/q:mauto\/f:best\/dpr:2\/https:\/\/exalumnasensenanza.co\/wp-content\/uploads\/2026\/09\/Pic_News_Articulo_4_Una_casa_que_cuida.jpg 8w, https:\/\/mlzbo0w8r27k.i.optimole.com\/w:350\/h:498\/q:mauto\/f:best\/https:\/\/exalumnasensenanza.co\/wp-content\/uploads\/2026\/09\/Pic_News_Articulo_4_Una_casa_que_cuida.jpg 350w, https:\/\/mlzbo0w8r27k.i.optimole.com\/w:600\/h:854\/q:mauto\/f:best\/https:\/\/exalumnasensenanza.co\/wp-content\/uploads\/2026\/09\/Pic_News_Articulo_4_Una_casa_que_cuida.jpg 600w\" \/><\/div>\n\t\t\t\t\t<\/div>\n\t\t\t\t<\/div><\/div><\/div><\/div><\/div><\/div><\/div><\/div><\/div><\/div><div class=\"wpb_column pos-middle pos-center align_left column_parent col-lg-6 single-internal-gutter\"><div class=\"uncol style-light\"  ><div class=\"uncoltable\"><div class=\"uncell no-block-padding\" ><div class=\"uncont\" ><div class=\"vc_custom_heading_wrap\"><div class=\"heading-text el-text\" ><h2 class=\"font-154727 custom font-weight-400 fontsize-274222-custom font-size-custom\" ><span>A veces creemos que la tecnolog\u00eda solo vive en los computadores o los tel\u00e9fonos.<\/p><\/span><span><p>&nbsp;<\/p><\/span><span><p>Sin embargo, tambi\u00e9n puede convertirse en una aliada silenciosa ayud\u00e1ndonos a cuidar con mayor tranquilidad, seguridad y autonom\u00eda, especialmente cuando acompa\u00f1amos a un adulto mayor.<\/p><\/span><span><p>&nbsp;<\/p><\/span><span><p>Continuamos nuestra serie &#8220;Cuidar en la era de la IA&#8221; con un nuevo art\u00edculo de Jos\u00e9 David G\u00f3mez Bedoya, ingeniero mecatr\u00f3nico, voluntario de nuestra Asociaci\u00f3n, quien nos invita a descubrir c\u00f3mo peque\u00f1os avances tecnol\u00f3gicos, pueden transformar un hogar en un espacio seguro sin invadir la privacidad ni la dignidad de quienes lo habitan.<\/p><\/span><span><p>&nbsp;<\/p><\/span><span><p>Porque cuidar tambi\u00e9n es crear entornos que permitan vivir con mayor tranquilidad, independencia y confianza.<\/p><\/span><span><p>&nbsp;<\/p><\/span><span><p>Te invitamos a leer este cuarto art\u00edculo y a descubrir c\u00f3mo la innovaci\u00f3n tambi\u00e9n puede convertirse en una forma profundamente humana de Tender la Mano.<\/p><\/span><span><p>&nbsp;<\/p><\/span><span><p>Haz <a href=\"https:\/\/exalumnasensenanza.co\/es_es\/Cuarto-Artculo-IA-una-casa-que-cuida\/\" target=\"_blank\" rel=\"noopener\"><span style=\"text-decoration: underline;\"><strong>clic aqu\u00ed<\/strong><\/span><\/a> para leer o descargar el art\u00edculo.<\/span><\/h2><\/div><div class=\"clear\"><\/div><\/div><\/div><\/div><\/div><\/div><\/div><script id=\"script-row-unique-21\" data-row=\"script-row-unique-21\" type=\"text\/javascript\" class=\"vc_controls\">UNCODE.initRow(document.getElementById(\"row-unique-21\"));<\/script><\/div><\/div><\/div><div data-parent=\"true\" class=\"vc_row has-bg need-focus style-color-xsdn-bg row-container\" id=\"row-unique-22\"><div class=\"row one-top-padding one-bottom-padding single-h-padding limit-width row-parent\"><div class=\"wpb_row row-inner\"><div class=\"wpb_column pos-top pos-center align_center column_parent col-lg-12 no-internal-gutter\"><div class=\"uncol style-light\"  ><div class=\"uncoltable\"><div class=\"uncell single-block-padding style-accent-bg has-bg\" ><div class=\"uncont\" ><div class=\"vc_custom_heading_wrap\"><div class=\"heading-text el-text\" ><h2 class=\"font-154727 fontsize-155944 fontheight-179065 fontspace-111509 font-weight-500 text-color-210407-color badge-style unradius-xl style-accent-bg\" ><span>Algo para celebrar \ud83d\udc4f\ud83c\udffb y agradecer<\/span><\/h2><\/div><div class=\"clear\"><\/div><\/div><\/div><\/div><\/div><\/div><\/div><script id=\"script-row-unique-22\" data-row=\"script-row-unique-22\" type=\"text\/javascript\" class=\"vc_controls\">UNCODE.initRow(document.getElementById(\"row-unique-22\"));<\/script><\/div><\/div><\/div><div data-parent=\"true\" class=\"vc_row has-bg need-focus style-color-xsdn-bg row-container\" id=\"row-unique-23\"><div class=\"row one-top-padding one-bottom-padding single-h-padding limit-width row-parent\"><div class=\"wpb_row row-inner\"><div class=\"wpb_column pos-top pos-center align_left column_parent col-lg-6 single-internal-gutter\"><div class=\"uncol style-light\"  ><div class=\"uncoltable\"><div class=\"uncell no-block-padding\" ><div class=\"uncont\" ><div class=\"vc_custom_heading_wrap\"><div class=\"heading-text el-text\" ><h2 class=\"font-154727 custom font-weight-400 fontsize-154592-custom font-size-custom\" ><span>Hay semillas que, con el paso de los a\u00f1os, terminan convirti\u00e9ndose en bosques.<\/p><\/span><span><p>&nbsp;<\/p><\/span><span><p>El pasado 25 de agosto, el Concejo Distrital de Medell\u00edn le otorg\u00f3 la Orden al M\u00e9rito Don Juan del Corral en Grado Oro a la Compa\u00f1\u00eda de Mar\u00eda Nuestra Se\u00f1ora y la Nota de Estilo a la Instituci\u00f3n Educativa Santa Juana de Lestonnac.<\/p><\/span><span><p>&nbsp;<\/p><\/span><span><p>Como exalumnas, celebramos con inmenso orgullo este homenaje a una instituci\u00f3n que nos ense\u00f1\u00f3 a servir, a mirar al otro con compasi\u00f3n y a Tender la Mano.<\/p><\/span><span><p>&nbsp;<\/p><\/span><span><p>Nuestro reconocimiento y gratitud a la Compa\u00f1\u00eda de Mar\u00eda por seguir haciendo del Colegio La Ense\u00f1anza y del Colegio Santa Juana, referentes de excelencia, humanidad y transformaci\u00f3n.<\/p><\/span><span><p>&nbsp;<\/p><\/span><span><p>Algunas instituciones educan. Otras, adem\u00e1s, dejan huellas que acompa\u00f1an toda una vida.<\/span><\/h2><\/div><div class=\"clear\"><\/div><\/div><\/div><\/div><\/div><\/div><\/div><div class=\"wpb_column pos-top pos-center align_center column_parent col-lg-6 half-internal-gutter\"><div class=\"uncol style-light\"  ><div class=\"uncoltable\"><div class=\"uncell no-block-padding\" ><div class=\"uncont\" ><div class=\"uncode-single-media  text-left\"><div class=\"single-wrapper\" style=\"max-width: 100%;\"><div class=\"tmb tmb-light  img-round img-round-xl tmb-media-first tmb-media-last tmb-content-overlay tmb-no-bg\"><div class=\"t-inside\"><div class=\"t-entry-visual\"><div class=\"t-entry-visual-tc\"><div class=\"uncode-single-media-wrapper img-round img-round-xl\"><img data-opt-id=1378501999  data-opt-src=\"https:\/\/mlzbo0w8r27k.i.optimole.com\/w:auto\/h:auto\/q:mauto\/f:best\/https:\/\/exalumnasensenanza.co\/wp-content\/uploads\/2026\/09\/Pic-News-Reconocimiento-Concejo-de-Medellin-Ago-2026.jpg\"  decoding=\"async\" class=\"wp-image-172377\" src=\"data:image/svg+xml,%3Csvg%20viewBox%3D%220%200%20100%%20100%%22%20width%3D%22100%%22%20height%3D%22100%%22%20xmlns%3D%22http%3A%2F%2Fwww.w3.org%2F2000%2Fsvg%22%3E%3Crect%20width%3D%22100%%22%20height%3D%22100%%22%20fill%3D%22transparent%22%2F%3E%3C%2Fsvg%3E\" width=\"1080\" height=\"1350\" alt=\"\" old-srcset=\"https:\/\/mlzbo0w8r27k.i.optimole.com\/w:1080\/h:1350\/q:mauto\/f:best\/https:\/\/exalumnasensenanza.co\/wp-content\/uploads\/2026\/09\/Pic-News-Reconocimiento-Concejo-de-Medellin-Ago-2026.jpg 1080w, https:\/\/mlzbo0w8r27k.i.optimole.com\/w:240\/h:300\/q:mauto\/f:best\/https:\/\/exalumnasensenanza.co\/wp-content\/uploads\/2026\/09\/Pic-News-Reconocimiento-Concejo-de-Medellin-Ago-2026.jpg 240w, https:\/\/mlzbo0w8r27k.i.optimole.com\/w:819\/h:1024\/q:mauto\/f:best\/https:\/\/exalumnasensenanza.co\/wp-content\/uploads\/2026\/09\/Pic-News-Reconocimiento-Concejo-de-Medellin-Ago-2026.jpg 819w, https:\/\/mlzbo0w8r27k.i.optimole.com\/w:768\/h:960\/q:mauto\/f:best\/https:\/\/exalumnasensenanza.co\/wp-content\/uploads\/2026\/09\/Pic-News-Reconocimiento-Concejo-de-Medellin-Ago-2026.jpg 768w, https:\/\/mlzbo0w8r27k.i.optimole.com\/w:10\/h:12\/q:mauto\/f:best\/dpr:2\/https:\/\/exalumnasensenanza.co\/wp-content\/uploads\/2026\/09\/Pic-News-Reconocimiento-Concejo-de-Medellin-Ago-2026.jpg 10w, https:\/\/mlzbo0w8r27k.i.optimole.com\/w:350\/h:438\/q:mauto\/f:best\/https:\/\/exalumnasensenanza.co\/wp-content\/uploads\/2026\/09\/Pic-News-Reconocimiento-Concejo-de-Medellin-Ago-2026.jpg 350w, https:\/\/mlzbo0w8r27k.i.optimole.com\/w:600\/h:750\/q:mauto\/f:best\/https:\/\/exalumnasensenanza.co\/wp-content\/uploads\/2026\/09\/Pic-News-Reconocimiento-Concejo-de-Medellin-Ago-2026.jpg 600w\" \/><\/div>\n\t\t\t\t\t<\/div>\n\t\t\t\t<\/div><\/div><\/div><\/div><\/div><\/div><\/div><\/div><\/div><\/div><script id=\"script-row-unique-23\" data-row=\"script-row-unique-23\" type=\"text\/javascript\" class=\"vc_controls\">UNCODE.initRow(document.getElementById(\"row-unique-23\"));<\/script><\/div><\/div><\/div><div data-parent=\"true\" class=\"vc_row has-bg need-focus style-color-xsdn-bg row-container\" id=\"row-unique-24\"><div class=\"row one-top-padding one-bottom-padding single-h-padding limit-width row-parent\"><div class=\"wpb_row row-inner\"><div class=\"wpb_column pos-top pos-center align_center column_parent col-lg-12 no-internal-gutter\"><div class=\"uncol style-light\"  ><div class=\"uncoltable\"><div class=\"uncell single-block-padding style-accent-bg has-bg\" ><div class=\"uncont\" ><div class=\"vc_custom_heading_wrap\"><div class=\"heading-text el-text\" ><h2 class=\"font-154727 fontsize-155944 fontheight-179065 fontspace-111509 font-weight-500 text-color-210407-color badge-style unradius-xl style-accent-bg\" ><span>Algo para celebrar el cuidado de otros \ud83e\udef6:<\/span><\/h2><\/div><div class=\"clear\"><\/div><\/div><\/div><\/div><\/div><\/div><\/div><script id=\"script-row-unique-24\" data-row=\"script-row-unique-24\" type=\"text\/javascript\" class=\"vc_controls\">UNCODE.initRow(document.getElementById(\"row-unique-24\"));<\/script><\/div><\/div><\/div><div data-parent=\"true\" class=\"vc_row has-bg need-focus style-color-xsdn-bg row-container mobile-hidden\" id=\"row-unique-25\"><div class=\"row one-top-padding one-bottom-padding no-h-padding limit-width row-parent\"><div class=\"wpb_row row-inner\"><div class=\"wpb_column pos-top pos-center align_left column_parent col-lg-6 half-internal-gutter\"><div class=\"uncol style-light\"  ><div class=\"uncoltable\"><div class=\"uncell single-block-padding style-accent-bg has-bg\" ><div class=\"uncont\" ><div class=\"uncode-single-media  text-left animate_when_almost_visible alpha-anim\"><div class=\"single-wrapper\" style=\"max-width: 100%;\"><div class=\"tmb tmb-light  img-round img-round-xl tmb-media-first tmb-media-last tmb-content-overlay tmb-no-bg\"><div class=\"t-inside\"><div class=\"t-entry-visual\"><div class=\"t-entry-visual-tc\"><div class=\"uncode-single-media-wrapper img-round img-round-xl\"><img data-opt-id=474768615  data-opt-src=\"https:\/\/mlzbo0w8r27k.i.optimole.com\/w:auto\/h:auto\/q:mauto\/f:best\/https:\/\/exalumnasensenanza.co\/wp-content\/uploads\/2026\/09\/Pic-News-Dia-del-Abuelo-Ago-2026.jpg\"  decoding=\"async\" class=\"wp-image-172378\" src=\"data:image/svg+xml,%3Csvg%20viewBox%3D%220%200%20100%%20100%%22%20width%3D%22100%%22%20height%3D%22100%%22%20xmlns%3D%22http%3A%2F%2Fwww.w3.org%2F2000%2Fsvg%22%3E%3Crect%20width%3D%22100%%22%20height%3D%22100%%22%20fill%3D%22transparent%22%2F%3E%3C%2Fsvg%3E\" width=\"772\" height=\"969\" alt=\"\" old-srcset=\"https:\/\/mlzbo0w8r27k.i.optimole.com\/w:772\/h:969\/q:mauto\/f:best\/https:\/\/exalumnasensenanza.co\/wp-content\/uploads\/2026\/09\/Pic-News-Dia-del-Abuelo-Ago-2026.jpg 772w, https:\/\/mlzbo0w8r27k.i.optimole.com\/w:239\/h:300\/q:mauto\/f:best\/https:\/\/exalumnasensenanza.co\/wp-content\/uploads\/2026\/09\/Pic-News-Dia-del-Abuelo-Ago-2026.jpg 239w, https:\/\/mlzbo0w8r27k.i.optimole.com\/w:768\/h:964\/q:mauto\/f:best\/https:\/\/exalumnasensenanza.co\/wp-content\/uploads\/2026\/09\/Pic-News-Dia-del-Abuelo-Ago-2026.jpg 768w, https:\/\/mlzbo0w8r27k.i.optimole.com\/w:10\/h:12\/q:mauto\/f:best\/dpr:2\/https:\/\/exalumnasensenanza.co\/wp-content\/uploads\/2026\/09\/Pic-News-Dia-del-Abuelo-Ago-2026.jpg 10w, https:\/\/mlzbo0w8r27k.i.optimole.com\/w:350\/h:439\/q:mauto\/f:best\/https:\/\/exalumnasensenanza.co\/wp-content\/uploads\/2026\/09\/Pic-News-Dia-del-Abuelo-Ago-2026.jpg 350w, https:\/\/mlzbo0w8r27k.i.optimole.com\/w:600\/h:753\/q:mauto\/f:best\/https:\/\/exalumnasensenanza.co\/wp-content\/uploads\/2026\/09\/Pic-News-Dia-del-Abuelo-Ago-2026.jpg 600w\" \/><\/div>\n\t\t\t\t\t<\/div>\n\t\t\t\t<\/div><\/div><\/div><\/div><\/div><\/div><\/div><\/div><\/div><\/div><div class=\"wpb_column pos-middle pos-center align_left column_parent col-lg-6 single-internal-gutter\"><div class=\"uncol style-light\"  ><div class=\"uncoltable\"><div class=\"uncell no-block-padding\" ><div class=\"uncont\" ><div class=\"vc_custom_heading_wrap\"><div class=\"heading-text el-text\" ><h2 class=\"font-154727 custom font-weight-400 fontsize-117998-custom font-size-custom\" ><span>Con motivo del D\u00eda Nacional de los Abuelos, nuestras Juanitas y el equipo de la Asociaci\u00f3n compartieron una jornada de voluntariado junto a un grupo de adultos mayores recicladores de la Parroquia San Sebasti\u00e1n M\u00e1rtir en el Barrio Manrique.<\/p><\/span><span><p>&nbsp;<\/p><\/span><span><p>Esta fue una oportunidad para poner en pr\u00e1ctica aquello que da sentido a nuestro programa de formaci\u00f3n: cuidar desde el SER.<\/p><\/span><span><p>&nbsp;<\/p><\/span><span><p>Porque la empat\u00eda, la compasi\u00f3n y la sensibilidad tambi\u00e9n se cultivan cuando decidimos compartir nuestro tiempo, nuestra escucha y nuestra presencia, reconociendo la dignidad de cada persona desde la humanidad.<\/p><\/span><span><p>&nbsp;<\/p><\/span><span><p>Gracias a las Juanitas voluntarias Tender la Mano con tanto amor.<\/span><\/h2><\/div><div class=\"clear\"><\/div><\/div><\/div><\/div><\/div><\/div><\/div><script id=\"script-row-unique-25\" data-row=\"script-row-unique-25\" type=\"text\/javascript\" class=\"vc_controls\">UNCODE.initRow(document.getElementById(\"row-unique-25\"));<\/script><\/div><\/div><\/div><div data-parent=\"true\" class=\"vc_row has-bg need-focus style-color-xsdn-bg row-container desktop-hidden tablet-hidden\" id=\"row-unique-26\"><div class=\"row one-top-padding one-bottom-padding exa-h-padding limit-width row-parent\"><div class=\"wpb_row row-inner\"><div class=\"wpb_column pos-top pos-center align_left column_parent col-lg-6 half-internal-gutter\"><div class=\"uncol style-light\"  ><div class=\"uncoltable\"><div class=\"uncell single-block-padding style-accent-bg has-bg\" ><div class=\"uncont\" ><div class=\"uncode-single-media  text-left animate_when_almost_visible alpha-anim\"><div class=\"single-wrapper\" style=\"max-width: 100%;\"><div class=\"tmb tmb-light  img-round img-round-xl tmb-media-first tmb-media-last tmb-content-overlay tmb-no-bg\"><div class=\"t-inside\"><div class=\"t-entry-visual\"><div class=\"t-entry-visual-tc\"><div class=\"uncode-single-media-wrapper img-round img-round-xl\"><img data-opt-id=474768615  data-opt-src=\"https:\/\/mlzbo0w8r27k.i.optimole.com\/w:auto\/h:auto\/q:mauto\/f:best\/https:\/\/exalumnasensenanza.co\/wp-content\/uploads\/2026\/09\/Pic-News-Dia-del-Abuelo-Ago-2026.jpg\"  decoding=\"async\" class=\"wp-image-172378\" src=\"data:image/svg+xml,%3Csvg%20viewBox%3D%220%200%20100%%20100%%22%20width%3D%22100%%22%20height%3D%22100%%22%20xmlns%3D%22http%3A%2F%2Fwww.w3.org%2F2000%2Fsvg%22%3E%3Crect%20width%3D%22100%%22%20height%3D%22100%%22%20fill%3D%22transparent%22%2F%3E%3C%2Fsvg%3E\" width=\"772\" height=\"969\" alt=\"\" old-srcset=\"https:\/\/mlzbo0w8r27k.i.optimole.com\/w:772\/h:969\/q:mauto\/f:best\/https:\/\/exalumnasensenanza.co\/wp-content\/uploads\/2026\/09\/Pic-News-Dia-del-Abuelo-Ago-2026.jpg 772w, https:\/\/mlzbo0w8r27k.i.optimole.com\/w:239\/h:300\/q:mauto\/f:best\/https:\/\/exalumnasensenanza.co\/wp-content\/uploads\/2026\/09\/Pic-News-Dia-del-Abuelo-Ago-2026.jpg 239w, https:\/\/mlzbo0w8r27k.i.optimole.com\/w:768\/h:964\/q:mauto\/f:best\/https:\/\/exalumnasensenanza.co\/wp-content\/uploads\/2026\/09\/Pic-News-Dia-del-Abuelo-Ago-2026.jpg 768w, https:\/\/mlzbo0w8r27k.i.optimole.com\/w:10\/h:12\/q:mauto\/f:best\/dpr:2\/https:\/\/exalumnasensenanza.co\/wp-content\/uploads\/2026\/09\/Pic-News-Dia-del-Abuelo-Ago-2026.jpg 10w, https:\/\/mlzbo0w8r27k.i.optimole.com\/w:350\/h:439\/q:mauto\/f:best\/https:\/\/exalumnasensenanza.co\/wp-content\/uploads\/2026\/09\/Pic-News-Dia-del-Abuelo-Ago-2026.jpg 350w, https:\/\/mlzbo0w8r27k.i.optimole.com\/w:600\/h:753\/q:mauto\/f:best\/https:\/\/exalumnasensenanza.co\/wp-content\/uploads\/2026\/09\/Pic-News-Dia-del-Abuelo-Ago-2026.jpg 600w\" \/><\/div>\n\t\t\t\t\t<\/div>\n\t\t\t\t<\/div><\/div><\/div><\/div><\/div><\/div><\/div><\/div><\/div><\/div><div class=\"wpb_column pos-middle pos-center align_left column_parent col-lg-6 single-internal-gutter\"><div class=\"uncol style-light\"  ><div class=\"uncoltable\"><div class=\"uncell no-block-padding\" ><div class=\"uncont\" ><div class=\"vc_custom_heading_wrap\"><div class=\"heading-text el-text\" ><h2 class=\"font-154727 custom font-weight-400 fontsize-711369-custom font-size-custom\" ><span>Con motivo del D\u00eda Nacional de los Abuelos, nuestras Juanitas y el equipo de la Asociaci\u00f3n compartieron una jornada de voluntariado junto a un grupo de adultos mayores recicladores de la Parroquia San Sebasti\u00e1n M\u00e1rtir en el Barrio Manrique.<\/p><\/span><span><p>&nbsp;<\/p><\/span><span><p>Esta fue una oportunidad para poner en pr\u00e1ctica aquello que da sentido a nuestro programa de formaci\u00f3n: cuidar desde el SER.<\/p><\/span><span><p>&nbsp;<\/p><\/span><span><p>Porque la empat\u00eda, la compasi\u00f3n y la sensibilidad tambi\u00e9n se cultivan cuando decidimos compartir nuestro tiempo, nuestra escucha y nuestra presencia, reconociendo la dignidad de cada persona desde la humanidad.<\/p><\/span><span><p>&nbsp;<\/p><\/span><span><p>Gracias a las Juanitas voluntarias Tender la Mano con tanto amor.<\/span><\/h2><\/div><div class=\"clear\"><\/div><\/div><\/div><\/div><\/div><\/div><\/div><script id=\"script-row-unique-26\" data-row=\"script-row-unique-26\" type=\"text\/javascript\" class=\"vc_controls\">UNCODE.initRow(document.getElementById(\"row-unique-26\"));<\/script><\/div><\/div><\/div><div data-parent=\"true\" class=\"vc_row has-bg need-focus style-color-xsdn-bg row-container\" id=\"row-unique-27\"><div class=\"row one-top-padding one-bottom-padding single-h-padding limit-width row-parent\"><div class=\"wpb_row row-inner\"><div class=\"wpb_column pos-top pos-center align_center column_parent col-lg-12 no-internal-gutter\"><div class=\"uncol style-light\"  ><div class=\"uncoltable\"><div class=\"uncell single-block-padding style-accent-bg has-bg\" ><div class=\"uncont\" ><div class=\"vc_custom_heading_wrap\"><div class=\"heading-text el-text\" ><h2 class=\"font-154727 fontsize-155944 fontheight-179065 fontspace-111509 font-weight-500 text-color-210407-color badge-style unradius-xl style-accent-bg\" ><span>Algo para honrar a quienes dejan una profunda huella \ud83d\udc63<\/span><\/h2><\/div><div class=\"clear\"><\/div><\/div><\/div><\/div><\/div><\/div><\/div><script id=\"script-row-unique-27\" data-row=\"script-row-unique-27\" type=\"text\/javascript\" class=\"vc_controls\">UNCODE.initRow(document.getElementById(\"row-unique-27\"));<\/script><\/div><\/div><\/div><div data-parent=\"true\" class=\"vc_row has-bg need-focus style-color-xsdn-bg row-container\" id=\"row-unique-28\"><div class=\"row one-top-padding one-bottom-padding no-h-padding limit-width row-parent\"><div class=\"wpb_row row-inner\"><div class=\"wpb_column pos-top pos-center align_left column_parent col-lg-12 half-internal-gutter\"><div class=\"uncol style-light\"  ><div class=\"uncoltable\"><div class=\"uncell single-block-padding style-accent-bg has-bg\" ><div class=\"uncont\" ><div class=\"vc_custom_heading_wrap\"><div class=\"heading-text el-text\" ><h2 class=\"font-154727 custom font-weight-400 fontsize-148837-custom font-size-custom\" ><span>Hay personas cuya presencia trasciende el tiempo porque su manera de vivir contin\u00faa inspirando a quienes tuvieron el privilegio de conocerlas.<\/p><\/span><span><p>&nbsp;<\/p><\/span><span><p>Hoy queremos rendir un sentido homenaje a <strong>Do\u00f1a Sophy L\u00f3pez Villegas<\/strong>, exalumna de nuestro colegio, mujer profundamente comprometida con el servicio y referente de solidaridad para innumerables familias antioque\u00f1as.<\/span><\/h2><\/div><div class=\"clear\"><\/div><\/div><\/div><\/div><\/div><\/div><\/div><script id=\"script-row-unique-28\" data-row=\"script-row-unique-28\" type=\"text\/javascript\" class=\"vc_controls\">UNCODE.initRow(document.getElementById(\"row-unique-28\"));<\/script><\/div><\/div><\/div><div data-parent=\"true\" class=\"vc_row has-bg need-focus style-color-xsdn-bg row-container mobile-hidden\" id=\"row-unique-29\"><div class=\"row one-top-padding one-bottom-padding no-h-padding limit-width row-parent\"><div class=\"wpb_row row-inner\"><div class=\"wpb_column pos-top pos-center align_center column_parent col-lg-6 half-internal-gutter\"><div class=\"uncol style-light\"  ><div class=\"uncoltable\"><div class=\"uncell single-block-padding style-accent-bg has-bg\" ><div class=\"uncont\" ><div class=\"uncode-single-media  text-left animate_when_almost_visible alpha-anim\"><div class=\"single-wrapper\" style=\"max-width: 100%;\"><div class=\"tmb tmb-light  img-round img-round-xl tmb-media-first tmb-media-last tmb-content-overlay tmb-no-bg\"><div class=\"t-inside\"><div class=\"t-entry-visual\"><div class=\"t-entry-visual-tc\"><div class=\"uncode-single-media-wrapper img-round img-round-xl\"><img data-opt-id=1301498120  data-opt-src=\"https:\/\/mlzbo0w8r27k.i.optimole.com\/w:auto\/h:auto\/q:mauto\/f:best\/https:\/\/exalumnasensenanza.co\/wp-content\/uploads\/2026\/09\/Imagen-tomada-de-@fundporamor.jpeg\"  decoding=\"async\" class=\"wp-image-172379\" src=\"data:image/svg+xml,%3Csvg%20viewBox%3D%220%200%20100%%20100%%22%20width%3D%22100%%22%20height%3D%22100%%22%20xmlns%3D%22http%3A%2F%2Fwww.w3.org%2F2000%2Fsvg%22%3E%3Crect%20width%3D%22100%%22%20height%3D%22100%%22%20fill%3D%22transparent%22%2F%3E%3C%2Fsvg%3E\" width=\"1199\" height=\"1600\" alt=\"\" old-srcset=\"https:\/\/mlzbo0w8r27k.i.optimole.com\/w:1199\/h:1600\/q:mauto\/f:best\/https:\/\/exalumnasensenanza.co\/wp-content\/uploads\/2026\/09\/Imagen-tomada-de-@fundporamor.jpeg 1199w, https:\/\/mlzbo0w8r27k.i.optimole.com\/w:225\/h:300\/q:mauto\/f:best\/https:\/\/exalumnasensenanza.co\/wp-content\/uploads\/2026\/09\/Imagen-tomada-de-@fundporamor.jpeg 225w, https:\/\/mlzbo0w8r27k.i.optimole.com\/w:767\/h:1024\/q:mauto\/f:best\/https:\/\/exalumnasensenanza.co\/wp-content\/uploads\/2026\/09\/Imagen-tomada-de-@fundporamor.jpeg 767w, https:\/\/mlzbo0w8r27k.i.optimole.com\/w:768\/h:1025\/q:mauto\/f:best\/https:\/\/exalumnasensenanza.co\/wp-content\/uploads\/2026\/09\/Imagen-tomada-de-@fundporamor.jpeg 768w, https:\/\/mlzbo0w8r27k.i.optimole.com\/w:300\/h:400\/q:mauto\/f:best\/https:\/\/exalumnasensenanza.co\/wp-content\/uploads\/2026\/09\/Imagen-tomada-de-@fundporamor.jpeg 300w, https:\/\/mlzbo0w8r27k.i.optimole.com\/w:1151\/h:1536\/q:mauto\/f:best\/https:\/\/exalumnasensenanza.co\/wp-content\/uploads\/2026\/09\/Imagen-tomada-de-@fundporamor.jpeg 1151w, https:\/\/mlzbo0w8r27k.i.optimole.com\/w:9\/h:12\/q:mauto\/f:best\/dpr:2\/https:\/\/exalumnasensenanza.co\/wp-content\/uploads\/2026\/09\/Imagen-tomada-de-@fundporamor.jpeg 9w, https:\/\/mlzbo0w8r27k.i.optimole.com\/w:350\/h:467\/q:mauto\/f:best\/https:\/\/exalumnasensenanza.co\/wp-content\/uploads\/2026\/09\/Imagen-tomada-de-@fundporamor.jpeg 350w, https:\/\/mlzbo0w8r27k.i.optimole.com\/w:600\/h:801\/q:mauto\/f:best\/https:\/\/exalumnasensenanza.co\/wp-content\/uploads\/2026\/09\/Imagen-tomada-de-@fundporamor.jpeg 600w\" \/><\/div>\n\t\t\t\t\t<\/div>\n\t\t\t\t<\/div><\/div><\/div><\/div><\/div><div class=\"vc_custom_heading_wrap\"><div class=\"heading-text el-text\" ><h2 class=\"font-154727 custom font-weight-400 fontsize-923217-custom font-size-custom\" ><span>Imagen tomada de @fundporamor<\/span><\/h2><\/div><div class=\"clear\"><\/div><\/div><\/div><\/div><\/div><\/div><\/div><div class=\"wpb_column pos-middle pos-center align_left column_parent col-lg-6 single-internal-gutter\"><div class=\"uncol style-light\"  ><div class=\"uncoltable\"><div class=\"uncell no-block-padding\" ><div class=\"uncont\" ><div class=\"vc_custom_heading_wrap\"><div class=\"heading-text el-text\" ><h2 class=\"font-154727 custom font-weight-400 fontsize-652748-custom font-size-custom\" ><span>Tras la partida de su hija M\u00f3nica Uribe, Do\u00f1a Sophy decidi\u00f3 transformar el dolor en esperanza y asumi\u00f3 el liderazgo de la Fundaci\u00f3n M\u00f3nica Uribe por Amor, dedicando gran parte de su vida a acompa\u00f1ar a ni\u00f1os, j\u00f3venes y familias con diagn\u00f3stico de espina b\u00edfida. Su entrega silenciosa, generosa y constante dej\u00f3 una huella imborrable en cientos de corazones.<\/p><\/span><span><p>&nbsp;<\/p><\/span><span><p>Quienes tuvimos la fortuna de conocerla sabemos que su legado no se mide \u00fanicamente por las obras que impuls\u00f3, sino por la inmensa capacidad de hacer sentir al otro visto, escuchado y acompa\u00f1ado. Su manera de Tender la Mano fue siempre discreta, aut\u00e9ntica y profundamente humana.<\/p><\/span><span><p>&nbsp;<\/p><\/span><span><p>Hoy elevamos una oraci\u00f3n por su descanso, abrazamos con cari\u00f1o a su familia y agradecemos el ejemplo de una vida que nos record\u00f3 que el amor encuentra su expresi\u00f3n m\u00e1s hermosa cuando se convierte en servicio.<\/span><\/h2><\/div><div class=\"clear\"><\/div><\/div><\/div><\/div><\/div><\/div><\/div><script id=\"script-row-unique-29\" data-row=\"script-row-unique-29\" type=\"text\/javascript\" class=\"vc_controls\">UNCODE.initRow(document.getElementById(\"row-unique-29\"));<\/script><\/div><\/div><\/div><div data-parent=\"true\" class=\"vc_row has-bg need-focus style-color-xsdn-bg row-container desktop-hidden tablet-hidden\" id=\"row-unique-30\"><div class=\"row one-top-padding one-bottom-padding exa-h-padding limit-width row-parent\"><div class=\"wpb_row row-inner\"><div class=\"wpb_column pos-top pos-center align_left column_parent col-lg-6 half-internal-gutter\"><div class=\"uncol style-light\"  ><div class=\"uncoltable\"><div class=\"uncell single-block-padding style-accent-bg has-bg\" ><div class=\"uncont\" ><div class=\"uncode-single-media  text-left animate_when_almost_visible alpha-anim\"><div class=\"single-wrapper\" style=\"max-width: 100%;\"><div class=\"tmb tmb-light  img-round img-round-xl tmb-media-first tmb-media-last tmb-content-overlay tmb-no-bg\"><div class=\"t-inside\"><div class=\"t-entry-visual\"><div class=\"t-entry-visual-tc\"><div class=\"uncode-single-media-wrapper img-round img-round-xl\"><img data-opt-id=1301498120  data-opt-src=\"https:\/\/mlzbo0w8r27k.i.optimole.com\/w:auto\/h:auto\/q:mauto\/f:best\/https:\/\/exalumnasensenanza.co\/wp-content\/uploads\/2026\/09\/Imagen-tomada-de-@fundporamor.jpeg\"  decoding=\"async\" class=\"wp-image-172379\" src=\"data:image/svg+xml,%3Csvg%20viewBox%3D%220%200%20100%%20100%%22%20width%3D%22100%%22%20height%3D%22100%%22%20xmlns%3D%22http%3A%2F%2Fwww.w3.org%2F2000%2Fsvg%22%3E%3Crect%20width%3D%22100%%22%20height%3D%22100%%22%20fill%3D%22transparent%22%2F%3E%3C%2Fsvg%3E\" width=\"1199\" height=\"1600\" alt=\"\" old-srcset=\"https:\/\/mlzbo0w8r27k.i.optimole.com\/w:1199\/h:1600\/q:mauto\/f:best\/https:\/\/exalumnasensenanza.co\/wp-content\/uploads\/2026\/09\/Imagen-tomada-de-@fundporamor.jpeg 1199w, https:\/\/mlzbo0w8r27k.i.optimole.com\/w:225\/h:300\/q:mauto\/f:best\/https:\/\/exalumnasensenanza.co\/wp-content\/uploads\/2026\/09\/Imagen-tomada-de-@fundporamor.jpeg 225w, https:\/\/mlzbo0w8r27k.i.optimole.com\/w:767\/h:1024\/q:mauto\/f:best\/https:\/\/exalumnasensenanza.co\/wp-content\/uploads\/2026\/09\/Imagen-tomada-de-@fundporamor.jpeg 767w, https:\/\/mlzbo0w8r27k.i.optimole.com\/w:768\/h:1025\/q:mauto\/f:best\/https:\/\/exalumnasensenanza.co\/wp-content\/uploads\/2026\/09\/Imagen-tomada-de-@fundporamor.jpeg 768w, https:\/\/mlzbo0w8r27k.i.optimole.com\/w:300\/h:400\/q:mauto\/f:best\/https:\/\/exalumnasensenanza.co\/wp-content\/uploads\/2026\/09\/Imagen-tomada-de-@fundporamor.jpeg 300w, https:\/\/mlzbo0w8r27k.i.optimole.com\/w:1151\/h:1536\/q:mauto\/f:best\/https:\/\/exalumnasensenanza.co\/wp-content\/uploads\/2026\/09\/Imagen-tomada-de-@fundporamor.jpeg 1151w, https:\/\/mlzbo0w8r27k.i.optimole.com\/w:9\/h:12\/q:mauto\/f:best\/dpr:2\/https:\/\/exalumnasensenanza.co\/wp-content\/uploads\/2026\/09\/Imagen-tomada-de-@fundporamor.jpeg 9w, https:\/\/mlzbo0w8r27k.i.optimole.com\/w:350\/h:467\/q:mauto\/f:best\/https:\/\/exalumnasensenanza.co\/wp-content\/uploads\/2026\/09\/Imagen-tomada-de-@fundporamor.jpeg 350w, https:\/\/mlzbo0w8r27k.i.optimole.com\/w:600\/h:801\/q:mauto\/f:best\/https:\/\/exalumnasensenanza.co\/wp-content\/uploads\/2026\/09\/Imagen-tomada-de-@fundporamor.jpeg 600w\" \/><\/div>\n\t\t\t\t\t<\/div>\n\t\t\t\t<\/div><\/div><\/div><\/div><\/div><\/div><\/div><\/div><\/div><\/div><div class=\"wpb_column pos-middle pos-center align_left column_parent col-lg-6 single-internal-gutter\"><div class=\"uncol style-light\"  ><div class=\"uncoltable\"><div class=\"uncell no-block-padding\" ><div class=\"uncont\" ><div class=\"vc_custom_heading_wrap\"><div class=\"heading-text el-text\" ><h2 class=\"font-154727 custom font-weight-400 fontsize-127272-custom font-size-custom\" ><span>Tras la partida de su hija M\u00f3nica Uribe, Do\u00f1a Sophy decidi\u00f3 transformar el dolor en esperanza y asumi\u00f3 el liderazgo de la Fundaci\u00f3n M\u00f3nica Uribe por Amor, dedicando gran parte de su vida a acompa\u00f1ar a ni\u00f1os, j\u00f3venes y familias con diagn\u00f3stico de espina b\u00edfida. Su entrega silenciosa, generosa y constante dej\u00f3 una huella imborrable en cientos de corazones.<\/p><\/span><span><p>&nbsp;<\/p><\/span><span><p>Quienes tuvimos la fortuna de conocerla sabemos que su legado no se mide \u00fanicamente por las obras que impuls\u00f3, sino por la inmensa capacidad de hacer sentir al otro visto, escuchado y acompa\u00f1ado. Su manera de Tender la Mano fue siempre discreta, aut\u00e9ntica y profundamente humana.<\/p><\/span><span><p>&nbsp;<\/p><\/span><span><p>Hoy elevamos una oraci\u00f3n por su descanso, abrazamos con cari\u00f1o a su familia y agradecemos el ejemplo de una vida que nos record\u00f3 que el amor encuentra su expresi\u00f3n m\u00e1s hermosa cuando se convierte en servicio.<\/span><\/h2><\/div><div class=\"clear\"><\/div><\/div><\/div><\/div><\/div><\/div><\/div><script id=\"script-row-unique-30\" data-row=\"script-row-unique-30\" type=\"text\/javascript\" class=\"vc_controls\">UNCODE.initRow(document.getElementById(\"row-unique-30\"));<\/script><\/div><\/div><\/div><div data-parent=\"true\" class=\"vc_row has-bg need-focus style-color-xsdn-bg row-container\" id=\"row-unique-31\"><div class=\"row one-top-padding one-bottom-padding no-h-padding limit-width row-parent\"><div class=\"wpb_row row-inner\"><div class=\"wpb_column pos-top pos-center align_center column_parent col-lg-12 no-internal-gutter\"><div class=\"uncol style-light\"  ><div class=\"uncoltable\"><div class=\"uncell single-block-padding style-accent-bg has-bg\" ><div class=\"uncont\" ><div class=\"vc_custom_heading_wrap\"><div class=\"heading-text el-text\" ><h2 class=\"font-154727 fontsize-155944 fontheight-179065 fontspace-111509 font-weight-500 text-color-210407-color badge-style unradius-xl style-accent-bg\" ><span>Algo para ver \ud83c\udfa5 &#8211; Nuestra m\u00e1s reciente conferencia en YouTube:<br \/><\/span><span>El cuidador tambi\u00e9n necesita cuidado<\/span><\/h2><\/div><div class=\"clear\"><\/div><\/div><\/div><\/div><\/div><\/div><\/div><script id=\"script-row-unique-31\" data-row=\"script-row-unique-31\" type=\"text\/javascript\" class=\"vc_controls\">UNCODE.initRow(document.getElementById(\"row-unique-31\"));<\/script><\/div><\/div><\/div><div data-parent=\"true\" class=\"vc_row has-bg need-focus style-color-xsdn-bg row-container mobile-hidden\" id=\"row-unique-32\"><div class=\"row one-top-padding one-bottom-padding no-h-padding limit-width row-parent\"><div class=\"wpb_row row-inner\"><div class=\"wpb_column pos-top pos-center align_left column_parent col-lg-6 half-internal-gutter\"><div class=\"uncol style-light\"  ><div class=\"uncoltable\"><div class=\"uncell single-block-padding style-accent-bg has-bg\" ><div class=\"uncont\" ><div class=\"vc_custom_heading_wrap\"><div class=\"heading-text el-text\" ><h2 class=\"font-154727 custom font-weight-400 fontsize-146284-custom font-size-custom\" ><span>En esta inspiradora conferencia, Kelly Johanna Arias Osorio, Psic\u00f3loga Cl\u00ednica y Mag\u00edster en Cl\u00ednica Psicol\u00f3gica, nos invita a hacer una pausa para reflexionar sobre una pregunta tan sencilla como profunda: <strong>\u00bfqui\u00e9n cuida al que cuida?<\/strong><\/p><\/span><span><p>&nbsp;<\/p><\/span><span><p>A trav\u00e9s de una mirada cercana y compasiva, descubrir\u00e1s herramientas para reconocer las se\u00f1ales del desgaste emocional, fortalecer el autocuidado y aprender a acompa\u00f1ar a otros sin perder de vista tu propio bienestar, bien sea que ejerzas el cuidado como profesi\u00f3n o bien que quieras aprender m\u00e1s sobre gesti\u00f3n emocional.<\/p><\/span><span><p>&nbsp;<\/p><\/span><span><p>Te invitamos a disfrutar de esta conferencia <a href=\"https:\/\/youtu.be\/ySCo17UKJYc?si=uAh_LoQ2HraC6E57\" target=\"_blank\" rel=\"noopener noreferrer nofollow\"><span style=\"text-decoration: underline;\"><span style=\"color: #3366ff; text-decoration: underline;\"><strong>haciendo clic aqu\u00ed<\/strong><\/span><\/span><\/a>.<\/span><\/h2><\/div><div class=\"clear\"><\/div><\/div><\/div><\/div><\/div><\/div><\/div><div class=\"wpb_column pos-middle pos-center align_left column_parent col-lg-6 single-internal-gutter\"><div class=\"uncol style-light\"  ><div class=\"uncoltable\"><div class=\"uncell no-block-padding\" ><div class=\"uncont\" ><div class=\"uncode-single-media  text-left animate_when_almost_visible alpha-anim\"><div class=\"single-wrapper\" style=\"max-width: 100%;\"><div class=\"tmb tmb-light  img-round img-round-xl tmb-media-first tmb-media-last tmb-content-overlay tmb-no-bg\"><div class=\"t-inside\"><div class=\"t-entry-visual\"><div class=\"t-entry-visual-tc\"><div class=\"uncode-single-media-wrapper img-round img-round-xl\"><img data-opt-id=874637776  data-opt-src=\"https:\/\/mlzbo0w8r27k.i.optimole.com\/w:auto\/h:auto\/q:mauto\/f:best\/https:\/\/exalumnasensenanza.co\/wp-content\/uploads\/2026\/09\/Pic-2-News-Video-YT-del-mes-Ago-2026.jpg\"  decoding=\"async\" class=\"wp-image-172381\" src=\"data:image/svg+xml,%3Csvg%20viewBox%3D%220%200%20100%%20100%%22%20width%3D%22100%%22%20height%3D%22100%%22%20xmlns%3D%22http%3A%2F%2Fwww.w3.org%2F2000%2Fsvg%22%3E%3Crect%20width%3D%22100%%22%20height%3D%22100%%22%20fill%3D%22transparent%22%2F%3E%3C%2Fsvg%3E\" width=\"1075\" height=\"1080\" alt=\"\" old-srcset=\"https:\/\/mlzbo0w8r27k.i.optimole.com\/w:1075\/h:1080\/q:mauto\/f:best\/https:\/\/exalumnasensenanza.co\/wp-content\/uploads\/2026\/09\/Pic-2-News-Video-YT-del-mes-Ago-2026.jpg 1075w, https:\/\/mlzbo0w8r27k.i.optimole.com\/w:300\/h:300\/q:mauto\/f:best\/https:\/\/exalumnasensenanza.co\/wp-content\/uploads\/2026\/09\/Pic-2-News-Video-YT-del-mes-Ago-2026.jpg 300w, https:\/\/mlzbo0w8r27k.i.optimole.com\/w:1019\/h:1024\/q:mauto\/f:best\/https:\/\/exalumnasensenanza.co\/wp-content\/uploads\/2026\/09\/Pic-2-News-Video-YT-del-mes-Ago-2026.jpg 1019w, https:\/\/mlzbo0w8r27k.i.optimole.com\/w:150\/h:150\/q:mauto\/f:best\/https:\/\/exalumnasensenanza.co\/wp-content\/uploads\/2026\/09\/Pic-2-News-Video-YT-del-mes-Ago-2026.jpg 150w, https:\/\/mlzbo0w8r27k.i.optimole.com\/w:768\/h:772\/q:mauto\/f:best\/https:\/\/exalumnasensenanza.co\/wp-content\/uploads\/2026\/09\/Pic-2-News-Video-YT-del-mes-Ago-2026.jpg 768w, https:\/\/mlzbo0w8r27k.i.optimole.com\/w:12\/h:12\/q:mauto\/f:best\/dpr:2\/https:\/\/exalumnasensenanza.co\/wp-content\/uploads\/2026\/09\/Pic-2-News-Video-YT-del-mes-Ago-2026.jpg 12w, https:\/\/mlzbo0w8r27k.i.optimole.com\/w:350\/h:352\/q:mauto\/f:best\/https:\/\/exalumnasensenanza.co\/wp-content\/uploads\/2026\/09\/Pic-2-News-Video-YT-del-mes-Ago-2026.jpg 350w, https:\/\/mlzbo0w8r27k.i.optimole.com\/w:600\/h:603\/q:mauto\/f:best\/https:\/\/exalumnasensenanza.co\/wp-content\/uploads\/2026\/09\/Pic-2-News-Video-YT-del-mes-Ago-2026.jpg 600w, https:\/\/mlzbo0w8r27k.i.optimole.com\/w:100\/h:100\/q:mauto\/f:best\/dpr:2\/https:\/\/exalumnasensenanza.co\/wp-content\/uploads\/2026\/09\/Pic-2-News-Video-YT-del-mes-Ago-2026.jpg 100w\" \/><\/div>\n\t\t\t\t\t<\/div>\n\t\t\t\t<\/div><\/div><\/div><\/div><\/div><\/div><\/div><\/div><\/div><\/div><script id=\"script-row-unique-32\" data-row=\"script-row-unique-32\" type=\"text\/javascript\" class=\"vc_controls\">UNCODE.initRow(document.getElementById(\"row-unique-32\"));<\/script><\/div><\/div><\/div><div data-parent=\"true\" class=\"vc_row has-bg need-focus style-color-xsdn-bg row-container desktop-hidden tablet-hidden\" id=\"row-unique-33\"><div class=\"row one-top-padding one-bottom-padding exa-h-padding limit-width row-parent\"><div class=\"wpb_row row-inner\"><div class=\"wpb_column pos-middle pos-center align_left column_parent col-lg-6 single-internal-gutter\"><div class=\"uncol style-light\"  ><div class=\"uncoltable\"><div class=\"uncell no-block-padding\" ><div class=\"uncont\" ><div class=\"uncode-single-media  text-left animate_when_almost_visible alpha-anim\"><div class=\"single-wrapper\" style=\"max-width: 100%;\"><div class=\"tmb tmb-light  img-round img-round-xl tmb-media-first tmb-media-last tmb-content-overlay tmb-no-bg\"><div class=\"t-inside\"><div class=\"t-entry-visual\"><div class=\"t-entry-visual-tc\"><div class=\"uncode-single-media-wrapper img-round img-round-xl\"><img data-opt-id=874637776  data-opt-src=\"https:\/\/mlzbo0w8r27k.i.optimole.com\/w:auto\/h:auto\/q:mauto\/f:best\/https:\/\/exalumnasensenanza.co\/wp-content\/uploads\/2026\/09\/Pic-2-News-Video-YT-del-mes-Ago-2026.jpg\"  decoding=\"async\" class=\"wp-image-172381\" src=\"data:image/svg+xml,%3Csvg%20viewBox%3D%220%200%20100%%20100%%22%20width%3D%22100%%22%20height%3D%22100%%22%20xmlns%3D%22http%3A%2F%2Fwww.w3.org%2F2000%2Fsvg%22%3E%3Crect%20width%3D%22100%%22%20height%3D%22100%%22%20fill%3D%22transparent%22%2F%3E%3C%2Fsvg%3E\" width=\"1075\" height=\"1080\" alt=\"\" old-srcset=\"https:\/\/mlzbo0w8r27k.i.optimole.com\/w:1075\/h:1080\/q:mauto\/f:best\/https:\/\/exalumnasensenanza.co\/wp-content\/uploads\/2026\/09\/Pic-2-News-Video-YT-del-mes-Ago-2026.jpg 1075w, https:\/\/mlzbo0w8r27k.i.optimole.com\/w:300\/h:300\/q:mauto\/f:best\/https:\/\/exalumnasensenanza.co\/wp-content\/uploads\/2026\/09\/Pic-2-News-Video-YT-del-mes-Ago-2026.jpg 300w, https:\/\/mlzbo0w8r27k.i.optimole.com\/w:1019\/h:1024\/q:mauto\/f:best\/https:\/\/exalumnasensenanza.co\/wp-content\/uploads\/2026\/09\/Pic-2-News-Video-YT-del-mes-Ago-2026.jpg 1019w, https:\/\/mlzbo0w8r27k.i.optimole.com\/w:150\/h:150\/q:mauto\/f:best\/https:\/\/exalumnasensenanza.co\/wp-content\/uploads\/2026\/09\/Pic-2-News-Video-YT-del-mes-Ago-2026.jpg 150w, https:\/\/mlzbo0w8r27k.i.optimole.com\/w:768\/h:772\/q:mauto\/f:best\/https:\/\/exalumnasensenanza.co\/wp-content\/uploads\/2026\/09\/Pic-2-News-Video-YT-del-mes-Ago-2026.jpg 768w, https:\/\/mlzbo0w8r27k.i.optimole.com\/w:12\/h:12\/q:mauto\/f:best\/dpr:2\/https:\/\/exalumnasensenanza.co\/wp-content\/uploads\/2026\/09\/Pic-2-News-Video-YT-del-mes-Ago-2026.jpg 12w, https:\/\/mlzbo0w8r27k.i.optimole.com\/w:350\/h:352\/q:mauto\/f:best\/https:\/\/exalumnasensenanza.co\/wp-content\/uploads\/2026\/09\/Pic-2-News-Video-YT-del-mes-Ago-2026.jpg 350w, https:\/\/mlzbo0w8r27k.i.optimole.com\/w:600\/h:603\/q:mauto\/f:best\/https:\/\/exalumnasensenanza.co\/wp-content\/uploads\/2026\/09\/Pic-2-News-Video-YT-del-mes-Ago-2026.jpg 600w, https:\/\/mlzbo0w8r27k.i.optimole.com\/w:100\/h:100\/q:mauto\/f:best\/dpr:2\/https:\/\/exalumnasensenanza.co\/wp-content\/uploads\/2026\/09\/Pic-2-News-Video-YT-del-mes-Ago-2026.jpg 100w\" \/><\/div>\n\t\t\t\t\t<\/div>\n\t\t\t\t<\/div><\/div><\/div><\/div><\/div><div class=\"vc_custom_heading_wrap\"><div class=\"heading-text el-text\" ><h2 class=\"font-154727 custom font-weight-400 fontsize-173532-custom font-size-custom\" ><span>En esta inspiradora conferencia, Kelly Johanna Arias Osorio, Psic\u00f3loga Cl\u00ednica y Mag\u00edster en Cl\u00ednica Psicol\u00f3gica, nos invita a hacer una pausa para reflexionar sobre una pregunta tan sencilla como profunda: \u00bfqui\u00e9n cuida al que cuida?<\/p><\/span><span><p>&nbsp;<\/p><\/span><span><p>A trav\u00e9s de una mirada cercana y compasiva, descubrir\u00e1s herramientas para reconocer las se\u00f1ales del desgaste emocional, fortalecer el autocuidado y aprender a acompa\u00f1ar a otros sin perder de vista tu propio bienestar, bien sea que ejerzas el cuidado como profesi\u00f3n o bien que quieras aprender m\u00e1s sobre gesti\u00f3n emocional.<\/p><\/span><span><p>&nbsp;<\/p><\/span><span><p>Te invitamos a disfrutar de esta conferencia <a href=\"https:\/\/youtu.be\/ySCo17UKJYc?si=KyZe4D1AOLDcFgth\" target=\"_blank\" rel=\"noopener noreferrer nofollow\"><span style=\"text-decoration: underline; color: #3366ff;\"><strong>haciendo clic aqu\u00ed<\/strong><\/span><\/a>.<\/span><\/h2><\/div><div class=\"clear\"><\/div><\/div><\/div><\/div><\/div><\/div><\/div><script id=\"script-row-unique-33\" data-row=\"script-row-unique-33\" type=\"text\/javascript\" class=\"vc_controls\">UNCODE.initRow(document.getElementById(\"row-unique-33\"));<\/script><\/div><\/div><\/div><div data-parent=\"true\" class=\"vc_row has-bg need-focus style-color-xsdn-bg row-container\" id=\"row-unique-34\"><div class=\"row one-top-padding one-bottom-padding single-h-padding limit-width row-parent\"><div class=\"wpb_row row-inner\"><div class=\"wpb_column pos-top pos-center align_center column_parent col-lg-12 no-internal-gutter\"><div class=\"uncol style-light\"  ><div class=\"uncoltable\"><div class=\"uncell single-block-padding style-accent-bg has-bg\" ><div class=\"uncont\" ><div class=\"vc_custom_heading_wrap\"><div class=\"heading-text el-text\" ><h2 class=\"font-154727 fontsize-155944 fontheight-179065 fontspace-111509 font-weight-500 text-color-210407-color badge-style unradius-xl style-accent-bg\" ><span>\ud83c\udfa7 Algo para escuchar &#8211; nuevo episodio en Spotify:<br \/><\/span><span>Sentirse joven, el arte de vivir sin edad<\/span><\/h2><\/div><div class=\"clear\"><\/div><\/div><\/div><\/div><\/div><\/div><\/div><script id=\"script-row-unique-34\" data-row=\"script-row-unique-34\" type=\"text\/javascript\" class=\"vc_controls\">UNCODE.initRow(document.getElementById(\"row-unique-34\"));<\/script><\/div><\/div><\/div><div data-parent=\"true\" class=\"vc_row has-bg need-focus style-color-xsdn-bg row-container\" id=\"row-unique-35\"><div class=\"row one-top-padding one-bottom-padding single-h-padding limit-width row-parent\"><div class=\"wpb_row row-inner\"><div class=\"wpb_column pos-top pos-center align_center column_parent col-lg-6 single-internal-gutter\"><div class=\"uncol style-light\"  ><div class=\"uncoltable\"><div class=\"uncell no-block-padding\" ><div class=\"uncont\" ><div class=\"uncode-single-media  text-left animate_when_almost_visible alpha-anim\"><div class=\"single-wrapper\" style=\"max-width: 100%;\"><div class=\"tmb tmb-light  img-round img-round-xl tmb-media-first tmb-media-last tmb-content-overlay tmb-no-bg\"><div class=\"t-inside\"><div class=\"t-entry-visual\"><div class=\"t-entry-visual-tc\"><div class=\"uncode-single-media-wrapper img-round img-round-xl\"><img data-opt-id=724328134  data-opt-src=\"https:\/\/mlzbo0w8r27k.i.optimole.com\/w:auto\/h:auto\/q:mauto\/f:best\/https:\/\/exalumnasensenanza.co\/wp-content\/uploads\/2026\/09\/Pic-News-podcast-Spotify-del-mes-Ago-2026.jpg\"  decoding=\"async\" class=\"wp-image-172382\" src=\"data:image/svg+xml,%3Csvg%20viewBox%3D%220%200%20100%%20100%%22%20width%3D%22100%%22%20height%3D%22100%%22%20xmlns%3D%22http%3A%2F%2Fwww.w3.org%2F2000%2Fsvg%22%3E%3Crect%20width%3D%22100%%22%20height%3D%22100%%22%20fill%3D%22transparent%22%2F%3E%3C%2Fsvg%3E\" width=\"1080\" height=\"1080\" alt=\"\" old-srcset=\"https:\/\/mlzbo0w8r27k.i.optimole.com\/w:1080\/h:1080\/q:mauto\/f:best\/https:\/\/exalumnasensenanza.co\/wp-content\/uploads\/2026\/09\/Pic-News-podcast-Spotify-del-mes-Ago-2026.jpg 1080w, https:\/\/mlzbo0w8r27k.i.optimole.com\/w:300\/h:300\/q:mauto\/f:best\/https:\/\/exalumnasensenanza.co\/wp-content\/uploads\/2026\/09\/Pic-News-podcast-Spotify-del-mes-Ago-2026.jpg 300w, https:\/\/mlzbo0w8r27k.i.optimole.com\/w:1024\/h:1024\/q:mauto\/f:best\/https:\/\/exalumnasensenanza.co\/wp-content\/uploads\/2026\/09\/Pic-News-podcast-Spotify-del-mes-Ago-2026.jpg 1024w, https:\/\/mlzbo0w8r27k.i.optimole.com\/w:150\/h:150\/q:mauto\/f:best\/https:\/\/exalumnasensenanza.co\/wp-content\/uploads\/2026\/09\/Pic-News-podcast-Spotify-del-mes-Ago-2026.jpg 150w, https:\/\/mlzbo0w8r27k.i.optimole.com\/w:768\/h:768\/q:mauto\/f:best\/https:\/\/exalumnasensenanza.co\/wp-content\/uploads\/2026\/09\/Pic-News-podcast-Spotify-del-mes-Ago-2026.jpg 768w, https:\/\/mlzbo0w8r27k.i.optimole.com\/w:500\/h:500\/q:mauto\/f:best\/https:\/\/exalumnasensenanza.co\/wp-content\/uploads\/2026\/09\/Pic-News-podcast-Spotify-del-mes-Ago-2026.jpg 500w, https:\/\/mlzbo0w8r27k.i.optimole.com\/w:12\/h:12\/q:mauto\/f:best\/dpr:2\/https:\/\/exalumnasensenanza.co\/wp-content\/uploads\/2026\/09\/Pic-News-podcast-Spotify-del-mes-Ago-2026.jpg 12w, https:\/\/mlzbo0w8r27k.i.optimole.com\/w:350\/h:350\/q:mauto\/f:best\/https:\/\/exalumnasensenanza.co\/wp-content\/uploads\/2026\/09\/Pic-News-podcast-Spotify-del-mes-Ago-2026.jpg 350w, https:\/\/mlzbo0w8r27k.i.optimole.com\/w:348\/h:348\/q:mauto\/f:best\/https:\/\/exalumnasensenanza.co\/wp-content\/uploads\/2026\/09\/Pic-News-podcast-Spotify-del-mes-Ago-2026.jpg 348w, https:\/\/mlzbo0w8r27k.i.optimole.com\/w:600\/h:600\/q:mauto\/f:best\/https:\/\/exalumnasensenanza.co\/wp-content\/uploads\/2026\/09\/Pic-News-podcast-Spotify-del-mes-Ago-2026.jpg 600w, https:\/\/mlzbo0w8r27k.i.optimole.com\/w:100\/h:100\/q:mauto\/f:best\/dpr:2\/https:\/\/exalumnasensenanza.co\/wp-content\/uploads\/2026\/09\/Pic-News-podcast-Spotify-del-mes-Ago-2026.jpg 100w\" \/><\/div>\n\t\t\t\t\t<\/div>\n\t\t\t\t<\/div><\/div><\/div><\/div><\/div><\/div><\/div><\/div><\/div><\/div><div class=\"wpb_column pos-top pos-center align_left column_parent col-lg-6 single-internal-gutter\"><div class=\"uncol style-light\"  ><div class=\"uncoltable\"><div class=\"uncell no-block-padding\" ><div class=\"uncont\" ><div class=\"vc_custom_heading_wrap\"><div class=\"heading-text el-text\" ><h2 class=\"font-154727 custom font-weight-400 fontsize-194066-custom font-size-custom\" ><span>\u00bfY si la juventud no estuviera en los a\u00f1os\u2026 sino en la forma de vivirlos?<\/p><\/span><span><p>&nbsp;<\/p><\/span><span><p>En este nuevo episodio de nuestro canal de Spotify adaptamos formato podcast una conversaci\u00f3n entre Martha Morales, docente del programa Juanitas, y Francisco Ochoa, quien comparte c\u00f3mo sus h\u00e1bitos, conexi\u00f3n con , el prop\u00f3sito y su mirada positiva de la vida le ayudan a mantenerse vital.<\/p><\/span><span><p>&nbsp;<\/p><\/span><span><p>Porque cuidar tambi\u00e9n es aprender a vivir con plenitud, agradecer cada etapa de la vida y descubrir que nunca dejamos de crecer.<\/p><\/span><span><p>&nbsp;<\/p><\/span><span><p>Haz <a href=\"https:\/\/open.spotify.com\/episode\/7vwVYNiYjyZ0EPxeKvvsmh?si=pcrv8CXKQf2JFkNFfzx4bw\" target=\"_blank\" rel=\"noopener noreferrer nofollow\"><span style=\"text-decoration: underline; color: #3366ff;\"><strong>clic aqu\u00ed<\/strong><\/span><\/a> y disfruta de esta conversaci\u00f3n, ahora disponible en nuestro canal de Spotify.<\/span><\/h2><\/div><div class=\"clear\"><\/div><\/div><\/div><\/div><\/div><\/div><\/div><script id=\"script-row-unique-35\" data-row=\"script-row-unique-35\" type=\"text\/javascript\" class=\"vc_controls\">UNCODE.initRow(document.getElementById(\"row-unique-35\"));<\/script><\/div><\/div><\/div><div data-parent=\"true\" class=\"vc_row has-bg need-focus style-color-xsdn-bg row-container\" id=\"row-unique-36\"><div class=\"row one-top-padding one-bottom-padding single-h-padding limit-width row-parent\"><div class=\"wpb_row row-inner\"><div class=\"wpb_column pos-top pos-center align_center column_parent col-lg-12 no-internal-gutter\"><div class=\"uncol style-light\"  ><div class=\"uncoltable\"><div class=\"uncell single-block-padding style-accent-bg has-bg\" ><div class=\"uncont\" ><div class=\"vc_custom_heading_wrap\"><div class=\"heading-text el-text\" ><h2 class=\"font-154727 fontsize-155944 fontheight-179065 fontspace-111509 font-weight-500 text-color-210407-color badge-style unradius-xl style-accent-bg\" ><span>\ud83d\udd4a\ufe0f Algo para honrar:<\/span><\/h2><\/div><div class=\"clear\"><\/div><\/div><\/div><\/div><\/div><\/div><\/div><script id=\"script-row-unique-36\" data-row=\"script-row-unique-36\" type=\"text\/javascript\" class=\"vc_controls\">UNCODE.initRow(document.getElementById(\"row-unique-36\"));<\/script><\/div><\/div><\/div><div data-parent=\"true\" class=\"vc_row has-bg need-focus style-color-xsdn-bg row-container\" id=\"row-unique-37\"><div class=\"row one-top-padding one-bottom-padding single-h-padding limit-width row-parent\"><div class=\"wpb_row row-inner\"><div class=\"wpb_column pos-top pos-center align_center column_parent col-lg-12 single-internal-gutter\"><div class=\"uncol style-light\"  ><div class=\"uncoltable\"><div class=\"uncell no-block-padding\" ><div class=\"uncont\" ><div class=\"vc_custom_heading_wrap\"><div class=\"heading-text el-text\" ><h2 class=\"font-154727 custom font-weight-400 fontsize-215645-custom font-size-custom\" ><span>Hoy hacemos una pausa para honrar la memoria de las personas cercanas a nuestra comunidad que partieron durante este mes.<\/p><\/span><span><p>&nbsp;<\/p><\/span><span><p>Que el amor que sembraron siga floreciendo en quienes tuvieron el privilegio de compartir su vida. Elevamos nuestras oraciones y abrazamos con cari\u00f1o a sus familias y seres queridos.<\/p><\/span><span><p>&nbsp;<\/p><\/span><span><p><strong>Teresita Estrada de Arcila<\/strong><br \/><\/span><span>Madre de la exalumna Mar\u00eda Victoria Arcila<\/p><\/span><span><p>&nbsp;<\/p><\/span><span><p><strong>Ana Beatriz Pe\u00f1a Santamar\u00eda<\/strong><br \/><\/span><span>Hermana de las exalumnas Marta Eugenia, Mar\u00eda Cecilia, Margarita, Teresita y Amalia<\/p><\/span><span><p>&nbsp;<\/p><\/span><span><p><strong>Ra\u00fal Alberto Zapata Walliser<\/strong><br \/><\/span><span>Familia Zapata Walliser<\/p><\/span><span><p>&nbsp;<\/p><\/span><span><p><strong>Sophy L\u00f3pez de Uribe<\/strong><br \/><\/span><span>Familia Uribe L\u00f3pez<\/p><\/span><span><p>&nbsp;<\/p><\/span><span><p>***<\/p><\/span><span><p>Un gesto que tambi\u00e9n acompa\u00f1a<\/p><\/span><span><p>&nbsp;<\/p><\/span><span><p>Si en alg\u00fan momento deseas expresar tu cercan\u00eda a una familia mediante uno de nuestros Bonos de Condolencia, puedes comunicarte con nuestra Asociaci\u00f3n. Cada bono constituye un homenaje lleno de afecto y una manera de Tender la Mano en momentos de despedida.<\/p><\/span><span><p>&nbsp;<\/p><\/span><span><p>Solicita m\u00e1s informaci\u00f3n haciendo <a href=\"https:\/\/wa.link\/fdv3qm\" target=\"_blank\" rel=\"noopener noreferrer nofollow\"><span style=\"text-decoration: underline; color: #3366ff;\"><strong>clic aqu\u00ed<\/strong><\/span><\/a>.<\/span><\/h2><\/div><div class=\"clear\"><\/div><\/div><\/div><\/div><\/div><\/div><\/div><script id=\"script-row-unique-37\" data-row=\"script-row-unique-37\" type=\"text\/javascript\" class=\"vc_controls\">UNCODE.initRow(document.getElementById(\"row-unique-37\"));<\/script><\/div><\/div><\/div><div data-parent=\"true\" class=\"vc_row has-bg need-focus style-color-xsdn-bg row-container\" id=\"row-unique-38\"><div class=\"row one-top-padding one-bottom-padding single-h-padding limit-width row-parent\"><div class=\"wpb_row row-inner\"><div class=\"wpb_column pos-top pos-center align_center column_parent col-lg-12 no-internal-gutter\"><div class=\"uncol style-light\"  ><div class=\"uncoltable\"><div class=\"uncell single-block-padding style-accent-bg has-bg\" ><div class=\"uncont\" ><div class=\"vc_custom_heading_wrap\"><div class=\"heading-text el-text\" ><h2 class=\"font-154727 fontsize-155944 fontheight-179065 fontspace-111509 font-weight-500 text-color-210407-color badge-style unradius-xl style-accent-bg\" ><span>\u2709\ufe0f Recibe nuestro bolet\u00edn mensual<\/span><\/h2><\/div><div class=\"clear\"><\/div><\/div><\/div><\/div><\/div><\/div><\/div><script id=\"script-row-unique-38\" data-row=\"script-row-unique-38\" type=\"text\/javascript\" class=\"vc_controls\">UNCODE.initRow(document.getElementById(\"row-unique-38\"));<\/script><\/div><\/div><\/div><div data-parent=\"true\" class=\"vc_row has-bg need-focus style-color-xsdn-bg row-container\" id=\"row-unique-39\"><div class=\"row one-top-padding one-bottom-padding single-h-padding limit-width row-parent\"><div class=\"wpb_row row-inner\"><div class=\"wpb_column pos-top pos-center align_center column_parent col-lg-12 no-internal-gutter\"><div class=\"uncol style-light\"  ><div class=\"uncoltable\"><div class=\"uncell single-block-padding style-accent-bg has-bg\" ><div class=\"uncont\" ><div class=\"vc_custom_heading_wrap\"><div class=\"heading-text el-text\" ><h2 class=\"font-154727 custom font-weight-400 fontsize-121920-custom font-size-custom\" ><span>Cada mes compartimos noticias, historias, eventos, actividades e informaci\u00f3n de la Asociaci\u00f3n de Exalumnas del Colegio La Ense\u00f1anza. Llena los datos en el formulario a continuaci\u00f3n y suscr\u00edbete para conectarte con nuestra comunidad, nuestros programas sociales y con las iniciativas y actualidad que nos unen en torno al cuidado, la educaci\u00f3n, el v\u00ednculo y el Tender la Mano a otros.<\/span><\/h2><\/div><div class=\"clear\"><\/div><\/div><div class=\"empty-space empty-single desktop-hidden tablet-hidden\" ><span class=\"empty-space-inner\"><\/span><\/div>\n<div class=\"empty-space empty-single mobile-hidden\" ><span class=\"empty-space-inner\"><\/span><\/div>\n<\/div><\/div><\/div><\/div><\/div><script id=\"script-row-unique-39\" data-row=\"script-row-unique-39\" type=\"text\/javascript\" class=\"vc_controls\">UNCODE.initRow(document.getElementById(\"row-unique-39\"));<\/script><\/div><\/div><\/div><div data-parent=\"true\" class=\"vc_row row-container\" id=\"row-unique-40\"><div class=\"row one-top-padding single-bottom-padding single-h-padding limit-width row-parent\"><div class=\"wpb_row row-inner\"><div class=\"wpb_column pos-top pos-center align_left column_parent col-lg-12 single-internal-gutter\"><div class=\"uncol style-light\"  ><div class=\"uncoltable\"><div class=\"uncell no-block-padding\" ><div class=\"uncont\" >\n\t<div class=\"wpb_raw_code wpb_raw_html\" >\n\t\t<div class=\"wpb_wrapper\">\n\t\t\t<iframe data-skip-lazy=\"\" src=\"https:\/\/exalumnasensenanza.ipzmarketing.com\/f\/_IvxvlO58wQ\" frameborder=\"0\" scrolling=\"no\" width=\"100%\" class=\"ipz-iframe\"><\/iframe>\n<script data-cfasync=\"false\" type=\"text\/javascript\" src=\"https:\/\/assets.ipzmarketing.com\/assets\/signup_form\/iframe_v1.js\"><\/script>\n\t\t<\/div>\n\t<\/div>\n<\/div><\/div><\/div><\/div><\/div><script id=\"script-row-unique-40\" data-row=\"script-row-unique-40\" type=\"text\/javascript\" class=\"vc_controls\">UNCODE.initRow(document.getElementById(\"row-unique-40\"));<\/script><\/div><\/div><\/div>\n<\/div>","protected":false},"excerpt":{"rendered":"<p>En esta era de r\u00e1pida industrializaci\u00f3n y consumo desmedido, la industria textil se erige como una de las principales causas de la contaminaci\u00f3n ambiental y del cambio clim\u00e1tico.<\/p>","protected":false},"author":2,"featured_media":172392,"comment_status":"open","ping_status":"open","sticky":false,"template":"","format":"standard","meta":{"rs_blank_template":"","rs_page_bg_color":"","slide_template_v7":"","footnotes":""},"categories":[282],"tags":[278,279,280,281],"class_list":["post-172363","post","type-post","status-publish","format-standard","has-post-thumbnail","hentry","category-boletin-asociacion-de-exalumnas-la-ensenanza","tag-algo-para-compartir","tag-newsletter-asociacion-exalumnas-la-ensenanza","tag-actualidad","tag-noticias"],"yoast_head":"<!-- This site is optimized with the Yoast SEO plugin v28.3 - https:\/\/yoast.com\/product\/yoast-seo-wordpress\/ -->\n<title>Algo para compartir \u2615 - Bolet\u00edn del mes de agosto, 2026 - Asociaci\u00f3n de Exalumnas La Ense\u00f1anza<\/title>\n<meta name=\"description\" content=\"Algo para compartir Bolet\u00edn del mes de agosto de 2026: Historias que inspiran, proyectos que crecen y exalumnas que dejan huellas\" \/>\n<meta name=\"robots\" content=\"index, follow, max-snippet:-1, max-image-preview:large, max-video-preview:-1\" \/>\n<link rel=\"canonical\" href=\"https:\/\/exalumnasensenanza.co\/es_es\/algo-para-compartir-boletin-del-mes-de-agosto-2026\/\" \/>\n<meta property=\"og:locale\" content=\"es_ES\" \/>\n<meta property=\"og:type\" content=\"article\" \/>\n<meta property=\"og:title\" content=\"Algo para compartir \u2615 - Bolet\u00edn del mes de agosto, 2026 - Asociaci\u00f3n de Exalumnas La Ense\u00f1anza\" \/>\n<meta property=\"og:description\" content=\"Algo para compartir Bolet\u00edn del mes de agosto de 2026: Historias que inspiran, proyectos que crecen y exalumnas que dejan huellas\" \/>\n<meta property=\"og:url\" content=\"https:\/\/exalumnasensenanza.co\/es_es\/algo-para-compartir-boletin-del-mes-de-agosto-2026\/\" \/>\n<meta property=\"og:site_name\" content=\"Asociaci\u00f3n de Exalumnas La Ense\u00f1anza\" \/>\n<meta property=\"article:publisher\" content=\"https:\/\/www.facebook.com\/exalumnaslaensenanza\" \/>\n<meta property=\"article:published_time\" content=\"2026-09-01T18:15:26+00:00\" \/>\n<meta property=\"article:modified_time\" content=\"2026-09-01T19:25:16+00:00\" \/>\n<meta property=\"og:image\" content=\"https:\/\/mlzbo0w8r27k.i.optimole.com\/w:auto\/h:auto\/q:mauto\/f:best\/https:\/\/exalumnasensenanza.co\/wp-content\/uploads\/2026\/09\/Header-V2-Mobile-News-Asociacion-Agosto-2026.jpg\" \/>\n\t<meta property=\"og:image:width\" content=\"633\" \/>\n\t<meta property=\"og:image:height\" content=\"792\" \/>\n\t<meta property=\"og:image:type\" content=\"image\/jpeg\" \/>\n<meta name=\"author\" content=\"Asociaci\u00f3n de Exalumnas La Ense\u00f1anza\" \/>\n<meta name=\"twitter:card\" content=\"summary_large_image\" \/>\n<meta name=\"twitter:label1\" content=\"Escrito por\" \/>\n\t<meta name=\"twitter:data1\" content=\"Asociaci\u00f3n de Exalumnas La Ense\u00f1anza\" \/>\n\t<meta name=\"twitter:label2\" content=\"Tiempo de lectura\" \/>\n\t<meta name=\"twitter:data2\" content=\"15 minutos\" \/>\n<script type=\"application\/ld+json\" class=\"yoast-schema-graph\">{\"@context\":\"https:\\\/\\\/schema.org\",\"@graph\":[{\"@type\":\"Article\",\"@id\":\"https:\\\/\\\/exalumnasensenanza.co\\\/algo-para-compartir-boletin-del-mes-de-agosto-2026\\\/#article\",\"isPartOf\":{\"@id\":\"https:\\\/\\\/exalumnasensenanza.co\\\/algo-para-compartir-boletin-del-mes-de-agosto-2026\\\/\"},\"author\":{\"name\":\"Asociaci\u00f3n de Exalumnas La Ense\u00f1anza\",\"@id\":\"https:\\\/\\\/exalumnasensenanza.co\\\/#\\\/schema\\\/person\\\/ecac3ce75a16f0f2add3490033222981\"},\"headline\":\"Algo para compartir \u2615 &#8211; Bolet\u00edn del mes de agosto, 2026\",\"datePublished\":\"2026-09-01T18:15:26+00:00\",\"dateModified\":\"2026-09-01T19:25:16+00:00\",\"mainEntityOfPage\":{\"@id\":\"https:\\\/\\\/exalumnasensenanza.co\\\/algo-para-compartir-boletin-del-mes-de-agosto-2026\\\/\"},\"wordCount\":8963,\"commentCount\":0,\"publisher\":{\"@id\":\"https:\\\/\\\/exalumnasensenanza.co\\\/#organization\"},\"image\":{\"@id\":\"https:\\\/\\\/exalumnasensenanza.co\\\/algo-para-compartir-boletin-del-mes-de-agosto-2026\\\/#primaryimage\"},\"thumbnailUrl\":\"https:\\/\\/exalumnasensenanza.co\\/wp-content\\/uploads\\/2026\\/09\\/Header-V2-Mobile-News-Asociacion-Agosto-2026.jpg\",\"keywords\":[\"Algo para compartir\",\"Newsletter Asociaci\u00f3n Exalumnas La Ense\u00f1anza\",\"Actualidad\",\"Noticias\"],\"articleSection\":[\"Bolet\u00edn Asociaci\u00f3n de Exalumnas La Ense\u00f1anza\"],\"inLanguage\":\"es\",\"potentialAction\":[{\"@type\":\"CommentAction\",\"name\":\"Comment\",\"target\":[\"https:\\\/\\\/exalumnasensenanza.co\\\/algo-para-compartir-boletin-del-mes-de-agosto-2026\\\/#respond\"]}]},{\"@type\":\"WebPage\",\"@id\":\"https:\\\/\\\/exalumnasensenanza.co\\\/algo-para-compartir-boletin-del-mes-de-agosto-2026\\\/\",\"url\":\"https:\\\/\\\/exalumnasensenanza.co\\\/algo-para-compartir-boletin-del-mes-de-agosto-2026\\\/\",\"name\":\"Algo para compartir \u2615 - Bolet\u00edn del mes de agosto, 2026 - Asociaci\u00f3n de Exalumnas La Ense\u00f1anza\",\"isPartOf\":{\"@id\":\"https:\\\/\\\/exalumnasensenanza.co\\\/#website\"},\"primaryImageOfPage\":{\"@id\":\"https:\\\/\\\/exalumnasensenanza.co\\\/algo-para-compartir-boletin-del-mes-de-agosto-2026\\\/#primaryimage\"},\"image\":{\"@id\":\"https:\\\/\\\/exalumnasensenanza.co\\\/algo-para-compartir-boletin-del-mes-de-agosto-2026\\\/#primaryimage\"},\"thumbnailUrl\":\"https:\\/\\/exalumnasensenanza.co\\/wp-content\\/uploads\\/2026\\/09\\/Header-V2-Mobile-News-Asociacion-Agosto-2026.jpg\",\"datePublished\":\"2026-09-01T18:15:26+00:00\",\"dateModified\":\"2026-09-01T19:25:16+00:00\",\"description\":\"Algo para compartir Bolet\u00edn del mes de agosto de 2026: Historias que inspiran, proyectos que crecen y exalumnas que dejan huellas\",\"breadcrumb\":{\"@id\":\"https:\\\/\\\/exalumnasensenanza.co\\\/algo-para-compartir-boletin-del-mes-de-agosto-2026\\\/#breadcrumb\"},\"inLanguage\":\"es\",\"potentialAction\":[{\"@type\":\"ReadAction\",\"target\":[\"https:\\\/\\\/exalumnasensenanza.co\\\/algo-para-compartir-boletin-del-mes-de-agosto-2026\\\/\"]}]},{\"@type\":\"ImageObject\",\"inLanguage\":\"es\",\"@id\":\"https:\\\/\\\/exalumnasensenanza.co\\\/algo-para-compartir-boletin-del-mes-de-agosto-2026\\\/#primaryimage\",\"url\":\"https:\\/\\/exalumnasensenanza.co\\/wp-content\\/uploads\\/2026\\/09\\/Header-V2-Mobile-News-Asociacion-Agosto-2026.jpg\",\"contentUrl\":\"https:\\/\\/exalumnasensenanza.co\\/wp-content\\/uploads\\/2026\\/09\\/Header-V2-Mobile-News-Asociacion-Agosto-2026.jpg\",\"width\":633,\"height\":792},{\"@type\":\"BreadcrumbList\",\"@id\":\"https:\\\/\\\/exalumnasensenanza.co\\\/algo-para-compartir-boletin-del-mes-de-agosto-2026\\\/#breadcrumb\",\"itemListElement\":[{\"@type\":\"ListItem\",\"position\":1,\"name\":\"Home\",\"item\":\"https:\\\/\\\/exalumnasensenanza.co\\\/\"},{\"@type\":\"ListItem\",\"position\":2,\"name\":\"Algo para compartir \u2615 &#8211; Bolet\u00edn del mes de agosto, 2026\"}]},{\"@type\":\"WebSite\",\"@id\":\"https:\\\/\\\/exalumnasensenanza.co\\\/#website\",\"url\":\"https:\\\/\\\/exalumnasensenanza.co\\\/\",\"name\":\"Asociaci\u00f3n de Exalumnas La Ense\u00f1anza\",\"description\":\"Tender la Mano para Cuidar y Servir\",\"publisher\":{\"@id\":\"https:\\\/\\\/exalumnasensenanza.co\\\/#organization\"},\"potentialAction\":[{\"@type\":\"SearchAction\",\"target\":{\"@type\":\"EntryPoint\",\"urlTemplate\":\"https:\\\/\\\/exalumnasensenanza.co\\\/?s={search_term_string}\"},\"query-input\":{\"@type\":\"PropertyValueSpecification\",\"valueRequired\":true,\"valueName\":\"search_term_string\"}}],\"inLanguage\":\"es\"},{\"@type\":\"Organization\",\"@id\":\"https:\\\/\\\/exalumnasensenanza.co\\\/#organization\",\"name\":\"Asociaci\u00f3n de Exalumnas La Ense\u00f1anza\",\"alternateName\":\"Exalumnas La Ense\u00f1anza\",\"url\":\"https:\\\/\\\/exalumnasensenanza.co\\\/\",\"logo\":{\"@type\":\"ImageObject\",\"inLanguage\":\"es\",\"@id\":\"https:\\\/\\\/exalumnasensenanza.co\\\/#\\\/schema\\\/logo\\\/image\\\/\",\"url\":\"https:\\/\\/exalumnasensenanza.co\\/wp-content\\/uploads\\/2026\\/02\\/LOGO-FAVICON-ELE-WEB.png\",\"contentUrl\":\"https:\\/\\/exalumnasensenanza.co\\/wp-content\\/uploads\\/2026\\/02\\/LOGO-FAVICON-ELE-WEB.png\",\"width\":512,\"height\":512,\"caption\":\"Asociaci\u00f3n de Exalumnas La Ense\u00f1anza\"},\"image\":{\"@id\":\"https:\\\/\\\/exalumnasensenanza.co\\\/#\\\/schema\\\/logo\\\/image\\\/\"},\"sameAs\":[\"https:\\\/\\\/www.facebook.com\\\/exalumnaslaensenanza\",\"https:\\\/\\\/www.instagram.com\\\/exalumnaslaensenanza\\\/\",\"https:\\\/\\\/www.youtube.com\\\/@ExalumnasLaEnsenanza\",\"https:\\\/\\\/open.spotify.com\\\/show\\\/2fVy0odrwHydzK8LqIALy9?si=df23a63a7d1844cb\"]},{\"@type\":\"Person\",\"@id\":\"https:\\\/\\\/exalumnasensenanza.co\\\/#\\\/schema\\\/person\\\/ecac3ce75a16f0f2add3490033222981\",\"name\":\"Asociaci\u00f3n de Exalumnas La Ense\u00f1anza\",\"image\":{\"@type\":\"ImageObject\",\"inLanguage\":\"es\",\"@id\":\"https:\\\/\\\/secure.gravatar.com\\\/avatar\\\/6b1a99dfa45cb87397995cd2fb8540d01c22bcfd2b2984754c0c9d5edbd04ea2?s=96&d=mm&r=g\",\"url\":\"https:\\\/\\\/secure.gravatar.com\\\/avatar\\\/6b1a99dfa45cb87397995cd2fb8540d01c22bcfd2b2984754c0c9d5edbd04ea2?s=96&d=mm&r=g\",\"contentUrl\":\"https:\\\/\\\/secure.gravatar.com\\\/avatar\\\/6b1a99dfa45cb87397995cd2fb8540d01c22bcfd2b2984754c0c9d5edbd04ea2?s=96&d=mm&r=g\",\"caption\":\"Asociaci\u00f3n de Exalumnas La Ense\u00f1anza\"}}]}<\/script>\n<!-- \/ Yoast SEO plugin. -->","yoast_head_json":{"title":"Algo para compartir \u2615 - Bolet\u00edn del mes de agosto, 2026 - Asociaci\u00f3n de Exalumnas La Ense\u00f1anza","description":"Algo para compartir Bolet\u00edn del mes de agosto de 2026: Historias que inspiran, proyectos que crecen y exalumnas que dejan huellas","robots":{"index":"index","follow":"follow","max-snippet":"max-snippet:-1","max-image-preview":"max-image-preview:large","max-video-preview":"max-video-preview:-1"},"canonical":"https:\/\/exalumnasensenanza.co\/es_es\/algo-para-compartir-boletin-del-mes-de-agosto-2026\/","og_locale":"es_ES","og_type":"article","og_title":"Algo para compartir \u2615 - Bolet\u00edn del mes de agosto, 2026 - Asociaci\u00f3n de Exalumnas La Ense\u00f1anza","og_description":"Algo para compartir Bolet\u00edn del mes de agosto de 2026: Historias que inspiran, proyectos que crecen y exalumnas que dejan huellas","og_url":"https:\/\/exalumnasensenanza.co\/es_es\/algo-para-compartir-boletin-del-mes-de-agosto-2026\/","og_site_name":"Asociaci\u00f3n de Exalumnas La Ense\u00f1anza","article_publisher":"https:\/\/www.facebook.com\/exalumnaslaensenanza","article_published_time":"2026-09-01T18:15:26+00:00","article_modified_time":"2026-09-01T19:25:16+00:00","og_image":[{"width":633,"height":792,"url":"https:\/\/mlzbo0w8r27k.i.optimole.com\/w:auto\/h:auto\/q:mauto\/f:best\/https:\/\/exalumnasensenanza.co\/wp-content\/uploads\/2026\/09\/Header-V2-Mobile-News-Asociacion-Agosto-2026.jpg","type":"image\/jpeg"}],"author":"Asociaci\u00f3n de Exalumnas La Ense\u00f1anza","twitter_card":"summary_large_image","twitter_misc":{"Escrito por":"Asociaci\u00f3n de Exalumnas La Ense\u00f1anza","Tiempo de lectura":"15 minutos"},"schema":{"@context":"https:\/\/schema.org","@graph":[{"@type":"Article","@id":"https:\/\/exalumnasensenanza.co\/algo-para-compartir-boletin-del-mes-de-agosto-2026\/#article","isPartOf":{"@id":"https:\/\/exalumnasensenanza.co\/algo-para-compartir-boletin-del-mes-de-agosto-2026\/"},"author":{"name":"Asociaci\u00f3n de Exalumnas La Ense\u00f1anza","@id":"https:\/\/exalumnasensenanza.co\/#\/schema\/person\/ecac3ce75a16f0f2add3490033222981"},"headline":"Algo para compartir \u2615 &#8211; Bolet\u00edn del mes de agosto, 2026","datePublished":"2026-09-01T18:15:26+00:00","dateModified":"2026-09-01T19:25:16+00:00","mainEntityOfPage":{"@id":"https:\/\/exalumnasensenanza.co\/algo-para-compartir-boletin-del-mes-de-agosto-2026\/"},"wordCount":8963,"commentCount":0,"publisher":{"@id":"https:\/\/exalumnasensenanza.co\/#organization"},"image":{"@id":"https:\/\/exalumnasensenanza.co\/algo-para-compartir-boletin-del-mes-de-agosto-2026\/#primaryimage"},"thumbnailUrl":"https:\/\/mlzbo0w8r27k.i.optimole.com\/w:auto\/h:auto\/q:mauto\/f:best\/https:\/\/exalumnasensenanza.co\/wp-content\/uploads\/2026\/09\/Header-V2-Mobile-News-Asociacion-Agosto-2026.jpg","keywords":["Algo para compartir","Newsletter Asociaci\u00f3n Exalumnas La Ense\u00f1anza","Actualidad","Noticias"],"articleSection":["Bolet\u00edn Asociaci\u00f3n de Exalumnas La Ense\u00f1anza"],"inLanguage":"es","potentialAction":[{"@type":"CommentAction","name":"Comment","target":["https:\/\/exalumnasensenanza.co\/algo-para-compartir-boletin-del-mes-de-agosto-2026\/#respond"]}]},{"@type":"WebPage","@id":"https:\/\/exalumnasensenanza.co\/algo-para-compartir-boletin-del-mes-de-agosto-2026\/","url":"https:\/\/exalumnasensenanza.co\/algo-para-compartir-boletin-del-mes-de-agosto-2026\/","name":"Algo para compartir \u2615 - Bolet\u00edn del mes de agosto, 2026 - Asociaci\u00f3n de Exalumnas La Ense\u00f1anza","isPartOf":{"@id":"https:\/\/exalumnasensenanza.co\/#website"},"primaryImageOfPage":{"@id":"https:\/\/exalumnasensenanza.co\/algo-para-compartir-boletin-del-mes-de-agosto-2026\/#primaryimage"},"image":{"@id":"https:\/\/exalumnasensenanza.co\/algo-para-compartir-boletin-del-mes-de-agosto-2026\/#primaryimage"},"thumbnailUrl":"https:\/\/mlzbo0w8r27k.i.optimole.com\/w:auto\/h:auto\/q:mauto\/f:best\/https:\/\/exalumnasensenanza.co\/wp-content\/uploads\/2026\/09\/Header-V2-Mobile-News-Asociacion-Agosto-2026.jpg","datePublished":"2026-09-01T18:15:26+00:00","dateModified":"2026-09-01T19:25:16+00:00","description":"Algo para compartir Bolet\u00edn del mes de agosto de 2026: Historias que inspiran, proyectos que crecen y exalumnas que dejan huellas","breadcrumb":{"@id":"https:\/\/exalumnasensenanza.co\/algo-para-compartir-boletin-del-mes-de-agosto-2026\/#breadcrumb"},"inLanguage":"es","potentialAction":[{"@type":"ReadAction","target":["https:\/\/exalumnasensenanza.co\/algo-para-compartir-boletin-del-mes-de-agosto-2026\/"]}]},{"@type":"ImageObject","inLanguage":"es","@id":"https:\/\/exalumnasensenanza.co\/algo-para-compartir-boletin-del-mes-de-agosto-2026\/#primaryimage","url":"https:\/\/mlzbo0w8r27k.i.optimole.com\/w:auto\/h:auto\/q:mauto\/f:best\/https:\/\/exalumnasensenanza.co\/wp-content\/uploads\/2026\/09\/Header-V2-Mobile-News-Asociacion-Agosto-2026.jpg","contentUrl":"https:\/\/mlzbo0w8r27k.i.optimole.com\/w:auto\/h:auto\/q:mauto\/f:best\/https:\/\/exalumnasensenanza.co\/wp-content\/uploads\/2026\/09\/Header-V2-Mobile-News-Asociacion-Agosto-2026.jpg","width":633,"height":792},{"@type":"BreadcrumbList","@id":"https:\/\/exalumnasensenanza.co\/algo-para-compartir-boletin-del-mes-de-agosto-2026\/#breadcrumb","itemListElement":[{"@type":"ListItem","position":1,"name":"Home","item":"https:\/\/exalumnasensenanza.co\/"},{"@type":"ListItem","position":2,"name":"Algo para compartir \u2615 &#8211; Bolet\u00edn del mes de agosto, 2026"}]},{"@type":"WebSite","@id":"https:\/\/exalumnasensenanza.co\/#website","url":"https:\/\/exalumnasensenanza.co\/","name":"Asociaci\u00f3n de Exalumnas La Ense\u00f1anza","description":"Tender la Mano para Cuidar y Servir","publisher":{"@id":"https:\/\/exalumnasensenanza.co\/#organization"},"potentialAction":[{"@type":"SearchAction","target":{"@type":"EntryPoint","urlTemplate":"https:\/\/exalumnasensenanza.co\/?s={search_term_string}"},"query-input":{"@type":"PropertyValueSpecification","valueRequired":true,"valueName":"search_term_string"}}],"inLanguage":"es"},{"@type":"Organization","@id":"https:\/\/exalumnasensenanza.co\/#organization","name":"Asociaci\u00f3n de Exalumnas La Ense\u00f1anza","alternateName":"Exalumnas La Ense\u00f1anza","url":"https:\/\/exalumnasensenanza.co\/","logo":{"@type":"ImageObject","inLanguage":"es","@id":"https:\/\/exalumnasensenanza.co\/#\/schema\/logo\/image\/","url":"https:\/\/mlzbo0w8r27k.i.optimole.com\/w:auto\/h:auto\/q:mauto\/f:best\/https:\/\/exalumnasensenanza.co\/wp-content\/uploads\/2026\/02\/LOGO-FAVICON-ELE-WEB.png","contentUrl":"https:\/\/mlzbo0w8r27k.i.optimole.com\/w:auto\/h:auto\/q:mauto\/f:best\/https:\/\/exalumnasensenanza.co\/wp-content\/uploads\/2026\/02\/LOGO-FAVICON-ELE-WEB.png","width":512,"height":512,"caption":"Asociaci\u00f3n de Exalumnas La Ense\u00f1anza"},"image":{"@id":"https:\/\/exalumnasensenanza.co\/#\/schema\/logo\/image\/"},"sameAs":["https:\/\/www.facebook.com\/exalumnaslaensenanza","https:\/\/www.instagram.com\/exalumnaslaensenanza\/","https:\/\/www.youtube.com\/@ExalumnasLaEnsenanza","https:\/\/open.spotify.com\/show\/2fVy0odrwHydzK8LqIALy9?si=df23a63a7d1844cb"]},{"@type":"Person","@id":"https:\/\/exalumnasensenanza.co\/#\/schema\/person\/ecac3ce75a16f0f2add3490033222981","name":"Asociaci\u00f3n de Exalumnas La Ense\u00f1anza","image":{"@type":"ImageObject","inLanguage":"es","@id":"https:\/\/secure.gravatar.com\/avatar\/6b1a99dfa45cb87397995cd2fb8540d01c22bcfd2b2984754c0c9d5edbd04ea2?s=96&d=mm&r=g","url":"https:\/\/secure.gravatar.com\/avatar\/6b1a99dfa45cb87397995cd2fb8540d01c22bcfd2b2984754c0c9d5edbd04ea2?s=96&d=mm&r=g","contentUrl":"https:\/\/secure.gravatar.com\/avatar\/6b1a99dfa45cb87397995cd2fb8540d01c22bcfd2b2984754c0c9d5edbd04ea2?s=96&d=mm&r=g","caption":"Asociaci\u00f3n de Exalumnas La Ense\u00f1anza"}}]}},"_links":{"self":[{"href":"https:\/\/exalumnasensenanza.co\/es_es\/wp-json\/wp\/v2\/posts\/172363","targetHints":{"allow":["GET"]}}],"collection":[{"href":"https:\/\/exalumnasensenanza.co\/es_es\/wp-json\/wp\/v2\/posts"}],"about":[{"href":"https:\/\/exalumnasensenanza.co\/es_es\/wp-json\/wp\/v2\/types\/post"}],"author":[{"embeddable":true,"href":"https:\/\/exalumnasensenanza.co\/es_es\/wp-json\/wp\/v2\/users\/2"}],"replies":[{"embeddable":true,"href":"https:\/\/exalumnasensenanza.co\/es_es\/wp-json\/wp\/v2\/comments?post=172363"}],"version-history":[{"count":10,"href":"https:\/\/exalumnasensenanza.co\/es_es\/wp-json\/wp\/v2\/posts\/172363\/revisions"}],"predecessor-version":[{"id":172403,"href":"https:\/\/exalumnasensenanza.co\/es_es\/wp-json\/wp\/v2\/posts\/172363\/revisions\/172403"}],"wp:featuredmedia":[{"embeddable":true,"href":"https:\/\/exalumnasensenanza.co\/es_es\/wp-json\/wp\/v2\/media\/172392"}],"wp:attachment":[{"href":"https:\/\/exalumnasensenanza.co\/es_es\/wp-json\/wp\/v2\/media?parent=172363"}],"wp:term":[{"taxonomy":"category","embeddable":true,"href":"https:\/\/exalumnasensenanza.co\/es_es\/wp-json\/wp\/v2\/categories?post=172363"},{"taxonomy":"post_tag","embeddable":true,"href":"https:\/\/exalumnasensenanza.co\/es_es\/wp-json\/wp\/v2\/tags?post=172363"}],"curies":[{"name":"wp","href":"https:\/\/api.w.org\/{rel}","templated":true}]}}